{"id":28069,"date":"2018-07-31T17:51:52","date_gmt":"2018-07-31T15:51:52","guid":{"rendered":"https:\/\/aprendeconcarmen.es\/?p=28069"},"modified":"2021-06-14T17:48:45","modified_gmt":"2021-06-14T15:48:45","slug":"conmigo-contigo-y-consigo","status":"publish","type":"post","link":"https:\/\/aprendeconcarmen.es\/es\/conmigo-contigo-y-consigo\/","title":{"rendered":"Conmigo, contigo y consigo"},"content":{"rendered":"<div class=\"title-h2\" style=\"text-align: center;\">Con esta canci\u00f3n de Morat, vas a recordar las formas &#8220;contigo&#8221; y &#8220;conmigo&#8221;.<\/div>\n<h2 class=\"title-h3\" style=\"text-align: center;\">As\u00ed es m\u00e1s f\u00e1cil aprender espa\u00f1ol, \u00bfverdad?<\/h2>\n<p>Estas formas son muy usuales en la lengua hablada y muchos de vosotros no las us\u00e1is correctamente. Nosotros decimos <em>&#8220;Haz esto por m\u00ed&#8221;<\/em> o <em>&#8220;Tengo un regalo para ti&#8221;<\/em>, pero no podemos decir <em>&#8220;Come el helado *con m\u00ed&#8221;<\/em>, eso es un error grave.<\/p>\n<p><strong><em>Conmigo<\/em>, <em>contigo<\/em><\/strong>&nbsp;y <strong><em>consigo<\/em><\/strong>&nbsp;son pronombres personales, variantes de las formas latinas respectivas:&nbsp;<span style=\"color: #ff6600;\"><em>cum<\/em>&nbsp;+&nbsp;<em>mecum<\/em><\/span>,&nbsp;<span style=\"color: #0000ff;\"><em>cum<\/em>&nbsp;+&nbsp;<\/span><em><span style=\"color: #0000ff;\">tecum<\/span>&nbsp;<\/em>y<span style=\"color: #339966;\"><em>&nbsp;cum&nbsp;+&nbsp;secum. <\/em><\/span>En lat\u00edn se duplicaba la preposici\u00f3n.<\/p>\n<p>Estos pronombres se caracterizan porque pueden actuar con valor reflexivo como en las oraciones <em>&#8220;Hablo conmigo mismo&#8221;, &#8220;Hablas contigo mismo&#8221;<\/em>; o sin este valor como en <em>&#8220;Ven conmigo&#8221;, &#8220;Yo tengo clases contigo&#8221;.<\/em>&nbsp;Esta doble posibilidad no aparece en la forma &#8220;<em>consigo<\/em>&#8221; porque \u00e9sta siempre es reflexiva: <em>&#8220;\u00c9l lleva las llaves consigo&#8221;.<\/em><\/p>\n<p>Los pronombres que se utilizan despu\u00e9s de preposici\u00f3n solo existen en singular: CONMIGO, CONTIGO, CONSIGO \/ no en plural: CON NOSOTROS, CON VOSOTROS, CON ELLOS.<\/p>\n<p>\u00a1Recuerda!<\/p>\n<p>&nbsp;<\/p>\n<p><img loading=\"lazy\" decoding=\"async\" class=\"size-full wp-image-28404 aligncenter\" src=\"https:\/\/aprendeconcarmen.es\/wp-content\/uploads\/2018\/07\/Conmigo-contigo.jpg\" alt=\"Contigo, conmigo\" width=\"1135\" height=\"806\" srcset=\"https:\/\/aprendeconcarmen.es\/wp-content\/uploads\/2018\/07\/Conmigo-contigo.jpg 1135w, https:\/\/aprendeconcarmen.es\/wp-content\/uploads\/2018\/07\/Conmigo-contigo-564x401.jpg 564w\" sizes=\"(max-width: 1135px) 100vw, 1135px\" \/><\/p>\n\n\n<div class=\"wp-block-group has-white-background-color has-background\"><div class=\"wp-block-group__inner-container is-layout-flow wp-block-group-is-layout-flow\">\n<div style=\"height:30px\" aria-hidden=\"true\" class=\"wp-block-spacer\"><\/div>\n\n\n\n<div class=\"wp-block-columns is-layout-flex wp-container-core-columns-layout-1 wp-block-columns-is-layout-flex\">\n<div class=\"wp-block-column is-vertically-aligned-center is-layout-flow wp-block-column-is-layout-flow\" style=\"flex-basis:25%\">\n<div class=\"wp-block-image is-style-rounded\"><figure class=\"alignleft size-thumbnail is-resized\"><img loading=\"lazy\" decoding=\"async\" src=\"https:\/\/aprendeconcarmen.es\/wp-content\/uploads\/2018\/03\/carmen-estevez-faqs-150x150.jpg\" alt=\"Preguntas frecuentes\" class=\"wp-image-24933\" width=\"150\" height=\"150\"\/><\/figure><\/div>\n<\/div>\n\n\n\n<div class=\"wp-block-column is-layout-flow wp-block-column-is-layout-flow\" style=\"flex-basis:75%\">\n<h2 class=\"has-text-color wp-block-heading\" style=\"color:#ca4e25\">Carmen Est\u00e9vez<br>Profesora nativa de espa\u00f1ol<\/h2>\n\n\n\n<p class=\"has-text-color\" style=\"color:#3d394e\"><strong>\u00bfQuieres aprender espa\u00f1ol desde la comodidad de tu casa?<\/strong> Visita todos nuestros <a href=\"https:\/\/aprendeconcarmen.es\/carmen-estevez-types-of-online-spanish-classes\/\"><em>cursos online de espa\u00f1ol<\/em><\/a>, tenemos de todos los niveles. Tambi\u00e9n puedes <a href=\"https:\/\/aprendeconcarmen.es\/book-a-free-online-spanish-class-with-carmen-estevez\/\"><em>solicitar la clase de espa\u00f1ol online de prueba<\/em><\/a> gratuita para saber c\u00f3mo ser\u00e1n tus <strong>clases online de espa\u00f1ol<\/strong>.<\/p>\n<\/div>\n<\/div>\n<\/div><\/div>\n","protected":false},"excerpt":{"rendered":"<p>Con esta canci\u00f3n de Morat, vas a recordar las formas &#8220;contigo&#8221; y &#8220;conmigo&#8221;. As\u00ed es m\u00e1s f\u00e1cil aprender espa\u00f1ol, \u00bfverdad?&#8230;<\/p>\n","protected":false},"author":1,"featured_media":28406,"comment_status":"closed","ping_status":"closed","sticky":false,"template":"","format":"video","meta":{"footnotes":""},"categories":[121],"tags":[],"yoast_head":"<!-- This site is optimized with the Yoast SEO plugin v22.7 - https:\/\/yoast.com\/wordpress\/plugins\/seo\/ -->\n<title>Conmigo, contigo y consigo - Aprende con Carmen<\/title>\n<meta name=\"description\" content=\"Las formas &quot;contigo&quot; y &quot;conmigo&quot; son muy usuales en la lengua hablada y muchos de vosotros no las us\u00e1is correctamente. Con esta canci\u00f3n de Morat, las vais a recordar. As\u00ed es m\u00e1s f\u00e1cil aprender espa\u00f1ol, \u00bfverdad?\" \/>\n<meta name=\"robots\" content=\"index, follow, max-snippet:-1, max-image-preview:large, max-video-preview:-1\" \/>\n<link rel=\"canonical\" href=\"https:\/\/aprendeconcarmen.es\/es\/conmigo-contigo-y-consigo\/\" \/>\n<meta property=\"og:locale\" content=\"es_ES\" \/>\n<meta property=\"og:type\" content=\"article\" \/>\n<meta property=\"og:title\" content=\"Conmigo, contigo y consigo - Aprende con Carmen\" \/>\n<meta property=\"og:description\" content=\"Las formas &quot;contigo&quot; y &quot;conmigo&quot; son muy usuales en la lengua hablada y muchos de vosotros no las us\u00e1is correctamente. Con esta canci\u00f3n de Morat, las vais a recordar. As\u00ed es m\u00e1s f\u00e1cil aprender espa\u00f1ol, \u00bfverdad?\" \/>\n<meta property=\"og:url\" content=\"https:\/\/aprendeconcarmen.es\/es\/conmigo-contigo-y-consigo\/\" \/>\n<meta property=\"og:site_name\" content=\"Aprende con Carmen\" \/>\n<meta property=\"article:published_time\" content=\"2018-07-31T15:51:52+00:00\" \/>\n<meta property=\"article:modified_time\" content=\"2021-06-14T15:48:45+00:00\" \/>\n<meta property=\"og:image\" content=\"https:\/\/aprendeconcarmen.es\/wp-content\/uploads\/2018\/07\/Conmigo-contigo-consigo_2-Alargado-1-min.png\" \/>\n\t<meta property=\"og:image:width\" content=\"820\" \/>\n\t<meta property=\"og:image:height\" content=\"312\" \/>\n\t<meta property=\"og:image:type\" content=\"image\/png\" \/>\n<meta name=\"author\" content=\"Carmen\" \/>\n<meta name=\"twitter:card\" content=\"summary_large_image\" \/>\n<meta name=\"twitter:label1\" content=\"Escrito por\" \/>\n\t<meta name=\"twitter:data1\" content=\"Carmen\" \/>\n\t<meta name=\"twitter:label2\" content=\"Tiempo de lectura\" \/>\n\t<meta name=\"twitter:data2\" content=\"1 minuto\" \/>\n<script type=\"application\/ld+json\" class=\"yoast-schema-graph\">{\"@context\":\"https:\/\/schema.org\",\"@graph\":[{\"@type\":\"WebPage\",\"@id\":\"https:\/\/aprendeconcarmen.es\/es\/conmigo-contigo-y-consigo\/\",\"url\":\"https:\/\/aprendeconcarmen.es\/es\/conmigo-contigo-y-consigo\/\",\"name\":\"Conmigo, contigo y consigo - Aprende con Carmen\",\"isPartOf\":{\"@id\":\"https:\/\/aprendeconcarmen.es\/es\/#website\"},\"primaryImageOfPage\":{\"@id\":\"https:\/\/aprendeconcarmen.es\/es\/conmigo-contigo-y-consigo\/#primaryimage\"},\"image\":{\"@id\":\"https:\/\/aprendeconcarmen.es\/es\/conmigo-contigo-y-consigo\/#primaryimage\"},\"thumbnailUrl\":\"https:\/\/aprendeconcarmen.es\/wp-content\/uploads\/2018\/07\/Conmigo-contigo-consigo_2-Alargado-1-min.png\",\"datePublished\":\"2018-07-31T15:51:52+00:00\",\"dateModified\":\"2021-06-14T15:48:45+00:00\",\"author\":{\"@id\":\"https:\/\/aprendeconcarmen.es\/es\/#\/schema\/person\/1ecf6fd77de04930771393b0d9482587\"},\"description\":\"Las formas \\\"contigo\\\" y \\\"conmigo\\\" son muy usuales en la lengua hablada y muchos de vosotros no las us\u00e1is correctamente. Con esta canci\u00f3n de Morat, las vais a recordar. As\u00ed es m\u00e1s f\u00e1cil aprender espa\u00f1ol, \u00bfverdad?\",\"breadcrumb\":{\"@id\":\"https:\/\/aprendeconcarmen.es\/es\/conmigo-contigo-y-consigo\/#breadcrumb\"},\"inLanguage\":\"es\",\"potentialAction\":[{\"@type\":\"ReadAction\",\"target\":[\"https:\/\/aprendeconcarmen.es\/es\/conmigo-contigo-y-consigo\/\"]}]},{\"@type\":\"ImageObject\",\"inLanguage\":\"es\",\"@id\":\"https:\/\/aprendeconcarmen.es\/es\/conmigo-contigo-y-consigo\/#primaryimage\",\"url\":\"https:\/\/aprendeconcarmen.es\/wp-content\/uploads\/2018\/07\/Conmigo-contigo-consigo_2-Alargado-1-min.png\",\"contentUrl\":\"https:\/\/aprendeconcarmen.es\/wp-content\/uploads\/2018\/07\/Conmigo-contigo-consigo_2-Alargado-1-min.png\",\"width\":820,\"height\":312},{\"@type\":\"BreadcrumbList\",\"@id\":\"https:\/\/aprendeconcarmen.es\/es\/conmigo-contigo-y-consigo\/#breadcrumb\",\"itemListElement\":[{\"@type\":\"ListItem\",\"position\":1,\"name\":\"Portada\",\"item\":\"https:\/\/aprendeconcarmen.es\/es\/\"},{\"@type\":\"ListItem\",\"position\":2,\"name\":\"Conmigo, contigo y consigo\"}]},{\"@type\":\"WebSite\",\"@id\":\"https:\/\/aprendeconcarmen.es\/es\/#website\",\"url\":\"https:\/\/aprendeconcarmen.es\/es\/\",\"name\":\"Aprende con Carmen\",\"description\":\"Clases de espa\u00f1ol online\",\"potentialAction\":[{\"@type\":\"SearchAction\",\"target\":{\"@type\":\"EntryPoint\",\"urlTemplate\":\"https:\/\/aprendeconcarmen.es\/es\/?s={search_term_string}\"},\"query-input\":\"required name=search_term_string\"}],\"inLanguage\":\"es\"},{\"@type\":\"Person\",\"@id\":\"https:\/\/aprendeconcarmen.es\/es\/#\/schema\/person\/1ecf6fd77de04930771393b0d9482587\",\"name\":\"Carmen\",\"image\":{\"@type\":\"ImageObject\",\"inLanguage\":\"es\",\"@id\":\"https:\/\/aprendeconcarmen.es\/es\/#\/schema\/person\/image\/\",\"url\":\"https:\/\/aprendeconcarmen.es\/wp-content\/uploads\/2018\/03\/carmen-estevez-perfil-1-100x100.jpg\",\"contentUrl\":\"https:\/\/aprendeconcarmen.es\/wp-content\/uploads\/2018\/03\/carmen-estevez-perfil-1-100x100.jpg\",\"caption\":\"Carmen\"},\"url\":\"https:\/\/aprendeconcarmen.es\/es\/author\/admin\/\"}]}<\/script>\n<!-- \/ Yoast SEO plugin. -->","yoast_head_json":{"title":"Conmigo, contigo y consigo - Aprende con Carmen","description":"Las formas \"contigo\" y \"conmigo\" son muy usuales en la lengua hablada y muchos de vosotros no las us\u00e1is correctamente. Con esta canci\u00f3n de Morat, las vais a recordar. As\u00ed es m\u00e1s f\u00e1cil aprender espa\u00f1ol, \u00bfverdad?","robots":{"index":"index","follow":"follow","max-snippet":"max-snippet:-1","max-image-preview":"max-image-preview:large","max-video-preview":"max-video-preview:-1"},"canonical":"https:\/\/aprendeconcarmen.es\/es\/conmigo-contigo-y-consigo\/","og_locale":"es_ES","og_type":"article","og_title":"Conmigo, contigo y consigo - Aprende con Carmen","og_description":"Las formas \"contigo\" y \"conmigo\" son muy usuales en la lengua hablada y muchos de vosotros no las us\u00e1is correctamente. Con esta canci\u00f3n de Morat, las vais a recordar. As\u00ed es m\u00e1s f\u00e1cil aprender espa\u00f1ol, \u00bfverdad?","og_url":"https:\/\/aprendeconcarmen.es\/es\/conmigo-contigo-y-consigo\/","og_site_name":"Aprende con Carmen","article_published_time":"2018-07-31T15:51:52+00:00","article_modified_time":"2021-06-14T15:48:45+00:00","og_image":[{"width":"820","height":"312","url":"https:\/\/aprendeconcarmen.es\/wp-content\/uploads\/2018\/07\/Conmigo-contigo-consigo_2-Alargado-1-min.png","type":"image\/png"}],"author":"Carmen","twitter_card":"summary_large_image","twitter_misc":{"Escrito por":"Carmen","Tiempo de lectura":"1 minuto"},"schema":{"@context":"https:\/\/schema.org","@graph":[{"@type":"WebPage","@id":"https:\/\/aprendeconcarmen.es\/es\/conmigo-contigo-y-consigo\/","url":"https:\/\/aprendeconcarmen.es\/es\/conmigo-contigo-y-consigo\/","name":"Conmigo, contigo y consigo - Aprende con Carmen","isPartOf":{"@id":"https:\/\/aprendeconcarmen.es\/es\/#website"},"primaryImageOfPage":{"@id":"https:\/\/aprendeconcarmen.es\/es\/conmigo-contigo-y-consigo\/#primaryimage"},"image":{"@id":"https:\/\/aprendeconcarmen.es\/es\/conmigo-contigo-y-consigo\/#primaryimage"},"thumbnailUrl":"https:\/\/aprendeconcarmen.es\/wp-content\/uploads\/2018\/07\/Conmigo-contigo-consigo_2-Alargado-1-min.png","datePublished":"2018-07-31T15:51:52+00:00","dateModified":"2021-06-14T15:48:45+00:00","author":{"@id":"https:\/\/aprendeconcarmen.es\/es\/#\/schema\/person\/1ecf6fd77de04930771393b0d9482587"},"description":"Las formas \"contigo\" y \"conmigo\" son muy usuales en la lengua hablada y muchos de vosotros no las us\u00e1is correctamente. Con esta canci\u00f3n de Morat, las vais a recordar. As\u00ed es m\u00e1s f\u00e1cil aprender espa\u00f1ol, \u00bfverdad?","breadcrumb":{"@id":"https:\/\/aprendeconcarmen.es\/es\/conmigo-contigo-y-consigo\/#breadcrumb"},"inLanguage":"es","potentialAction":[{"@type":"ReadAction","target":["https:\/\/aprendeconcarmen.es\/es\/conmigo-contigo-y-consigo\/"]}]},{"@type":"ImageObject","inLanguage":"es","@id":"https:\/\/aprendeconcarmen.es\/es\/conmigo-contigo-y-consigo\/#primaryimage","url":"https:\/\/aprendeconcarmen.es\/wp-content\/uploads\/2018\/07\/Conmigo-contigo-consigo_2-Alargado-1-min.png","contentUrl":"https:\/\/aprendeconcarmen.es\/wp-content\/uploads\/2018\/07\/Conmigo-contigo-consigo_2-Alargado-1-min.png","width":820,"height":312},{"@type":"BreadcrumbList","@id":"https:\/\/aprendeconcarmen.es\/es\/conmigo-contigo-y-consigo\/#breadcrumb","itemListElement":[{"@type":"ListItem","position":1,"name":"Portada","item":"https:\/\/aprendeconcarmen.es\/es\/"},{"@type":"ListItem","position":2,"name":"Conmigo, contigo y consigo"}]},{"@type":"WebSite","@id":"https:\/\/aprendeconcarmen.es\/es\/#website","url":"https:\/\/aprendeconcarmen.es\/es\/","name":"Aprende con Carmen","description":"Clases de espa\u00f1ol online","potentialAction":[{"@type":"SearchAction","target":{"@type":"EntryPoint","urlTemplate":"https:\/\/aprendeconcarmen.es\/es\/?s={search_term_string}"},"query-input":"required name=search_term_string"}],"inLanguage":"es"},{"@type":"Person","@id":"https:\/\/aprendeconcarmen.es\/es\/#\/schema\/person\/1ecf6fd77de04930771393b0d9482587","name":"Carmen","image":{"@type":"ImageObject","inLanguage":"es","@id":"https:\/\/aprendeconcarmen.es\/es\/#\/schema\/person\/image\/","url":"https:\/\/aprendeconcarmen.es\/wp-content\/uploads\/2018\/03\/carmen-estevez-perfil-1-100x100.jpg","contentUrl":"https:\/\/aprendeconcarmen.es\/wp-content\/uploads\/2018\/03\/carmen-estevez-perfil-1-100x100.jpg","caption":"Carmen"},"url":"https:\/\/aprendeconcarmen.es\/es\/author\/admin\/"}]}},"post_mailing_queue_ids":[],"_links":{"self":[{"href":"https:\/\/aprendeconcarmen.es\/es\/wp-json\/wp\/v2\/posts\/28069"}],"collection":[{"href":"https:\/\/aprendeconcarmen.es\/es\/wp-json\/wp\/v2\/posts"}],"about":[{"href":"https:\/\/aprendeconcarmen.es\/es\/wp-json\/wp\/v2\/types\/post"}],"author":[{"embeddable":true,"href":"https:\/\/aprendeconcarmen.es\/es\/wp-json\/wp\/v2\/users\/1"}],"replies":[{"embeddable":true,"href":"https:\/\/aprendeconcarmen.es\/es\/wp-json\/wp\/v2\/comments?post=28069"}],"version-history":[{"count":0,"href":"https:\/\/aprendeconcarmen.es\/es\/wp-json\/wp\/v2\/posts\/28069\/revisions"}],"wp:featuredmedia":[{"embeddable":true,"href":"https:\/\/aprendeconcarmen.es\/es\/wp-json\/wp\/v2\/media\/28406"}],"wp:attachment":[{"href":"https:\/\/aprendeconcarmen.es\/es\/wp-json\/wp\/v2\/media?parent=28069"}],"wp:term":[{"taxonomy":"category","embeddable":true,"href":"https:\/\/aprendeconcarmen.es\/es\/wp-json\/wp\/v2\/categories?post=28069"},{"taxonomy":"post_tag","embeddable":true,"href":"https:\/\/aprendeconcarmen.es\/es\/wp-json\/wp\/v2\/tags?post=28069"}],"curies":[{"name":"wp","href":"https:\/\/api.w.org\/{rel}","templated":true}]}}