{"id":28193,"date":"2018-08-09T10:09:47","date_gmt":"2018-08-09T08:09:47","guid":{"rendered":"https:\/\/aprendeconcarmen.es\/?p=28193"},"modified":"2021-06-14T17:48:37","modified_gmt":"2021-06-14T15:48:37","slug":"enfermedades-rarisimas-de-los-espanoles","status":"publish","type":"post","link":"https:\/\/aprendeconcarmen.es\/es\/enfermedades-rarisimas-de-los-espanoles\/","title":{"rendered":"&#8220;Enfermedades&#8221; rar\u00edsimas de los espa\u00f1oles&#8230;"},"content":{"rendered":"<div class=\"title-h1\">\n<hr>\n<p>\u00bfSab\u00edas que en Espa\u00f1a sufrimos de algunas afecciones \u00fanicas en el mundo?<\/p>\n<\/div>\n<div class=\"title-h2\">Todas ellas son expresiones coloquiales que usamos con familia y amigos. \u00bfAlguna vez has sentido alguna de ellas?<\/div>\n<h3><span style=\"color: #008080;\">1. Tener cuentitis:<\/span> Enfermedad que uno se inventa para no hacer algo que no quiere hacer.<\/h3>\n<p><em>Ejemplo: Yo creo que esta ni\u00f1a tiene mucha cuentitis, y lo que no quiere es ir al cole.<\/em><\/p>\n<h3><span style=\"color: #008080;\">2. Dar un soponcio:<\/span> Desmayo o indisposici\u00f3n producida por un disgusto, angustia o susto:<\/h3>\n<p><em>Ejemplo: Le dio un soponcio cuando su hija le dijo que se iba a casar con Mr. Bean.<\/em><\/p>\n<h3><span style=\"color: #008080;\">3. Dar un patat\u00fas:<\/span> Mareo o desmayo que sufre una persona por una impresi\u00f3n muy fuerte o por un estado de nervios anormal. Puede provocar incluso la muerte&#8230;<\/h3>\n<p><em>Ejemplo: Cuando le dijeron que Michael Jackson hab\u00eda muerto, casi le dio un patat\u00fas. Era su fan n\u00famero 1.<\/em><\/p>\n<h3><span style=\"color: #008080;\">4. Dar un aire:<\/span> Ataque de par\u00e1lisis.<\/h3>\n<p>\u2666 Se usa con el verbo <em>dar<\/em> y el art\u00edculo <em>un.<\/em><\/p>\n<p><em>Ejemplo: Cuando oy\u00f3 la noticia le dio un aire.<\/em><\/p>\n<h3><span style=\"color: #008080;\">5. Dar un telele:<\/span> Ataque de nervios similar a patat\u00fas, debido a una situaci\u00f3n de angustia.<\/h3>\n<p><em>Ejemplo: Como no acabe pronto este trabajo, me va a dar un telele.<\/em><\/p>\n<h3><span style=\"color: #008080;\">6. Dar un jamacuco:<\/span> Indisposici\u00f3n repentina y pasajera generada por una alteraci\u00f3n inesperada. No es grave.<\/h3>\n<p><em>Ejemplo: Se puso tan nerviosa que le dio un jamacuco.<\/em><\/p>\n<h3><span style=\"color: #008080;\">7. Tener morri\u00f1a:<\/span> Sentimiento de tristeza que se siente al estar lejos de casa, o de tu tierra natal. Echarla de menos.<\/h3>\n<p><em>Ejemplo: Cuando estuve en Estados Unidos durante 3 a\u00f1os, muchas veces ten\u00eda morri\u00f1a, y pensaba en mi tierra.<\/em><\/p>\n<h3><span style=\"color: #008080;\">8. Dar yuyu:<\/span> Miedo de una persona ante una situaci\u00f3n.<\/h3>\n<p>Ejemplo: <em>Me da yuyu quedarme sola en casa por la noche, porque oigo ruidos raros\u2026<\/em><\/p>\n<h3><span style=\"color: #008080;\">9. Dar repel\u00fas:<\/span> Algo desagradable que nos da asco y escalofr\u00edos.<\/h3>\n<p>Ejemplo: <em>Me da repel\u00fas recoger los pelos del lavabo&#8230; Puaggg.<\/em><\/p>\n<p>&nbsp;<\/p>\n<ul>\n<li>Para terminar este post, os dejo este v\u00eddeo de BuzzFeed que representa muy bien algunas de estas &#8220;enfermedades&#8221; que hemos visto anteriormente.<\/li>\n<\/ul>\n<div id=\"erdyt-69f37b2393738\" data-id=\"2SIPq5E7n2c\" class=\"erd-youtube-responsive\" style=\"display:block;position:relative;clear:both;width:100%;max-width:100%;margin-left:auto;margin-right:auto;\"><div style=\"padding-bottom:56.25%;\"><div class=\"erd-ytplay\" id=\"erdytp-2SIPq5E7n2c-69f37b2393738\" data-vid=\"2SIPq5E7n2c\" data-src=\"https:\/\/www.youtube.com\/embed\/2SIPq5E7n2c?loop=1&#038;autoplay=1&#038;rel=0\" data-allowfullscreen=\"true\"><img decoding=\"async\" src=\"https:\/\/i.ytimg.com\/vi\/2SIPq5E7n2c\/hqdefault.jpg\" alt=\"YouTube video\" \/><\/div><\/div><\/div>rf+-<\/p>\n\n\n<div class=\"wp-block-group has-white-background-color has-background\"><div class=\"wp-block-group__inner-container is-layout-flow wp-block-group-is-layout-flow\">\n<div style=\"height:30px\" aria-hidden=\"true\" class=\"wp-block-spacer\"><\/div>\n\n\n\n<div class=\"wp-block-columns is-layout-flex wp-container-core-columns-layout-1 wp-block-columns-is-layout-flex\">\n<div class=\"wp-block-column is-vertically-aligned-center is-layout-flow wp-block-column-is-layout-flow\" style=\"flex-basis:25%\">\n<div class=\"wp-block-image is-style-rounded\"><figure class=\"alignleft size-thumbnail is-resized\"><img loading=\"lazy\" decoding=\"async\" src=\"https:\/\/aprendeconcarmen.es\/wp-content\/uploads\/2018\/03\/carmen-estevez-faqs-150x150.jpg\" alt=\"Preguntas frecuentes\" class=\"wp-image-24933\" width=\"150\" height=\"150\"\/><\/figure><\/div>\n<\/div>\n\n\n\n<div class=\"wp-block-column is-layout-flow wp-block-column-is-layout-flow\" style=\"flex-basis:75%\">\n<h2 class=\"has-text-color wp-block-heading\" style=\"color:#ca4e25\">Carmen Est\u00e9vez<br>Profesora nativa de espa\u00f1ol<\/h2>\n\n\n\n<p class=\"has-text-color\" style=\"color:#3d394e\"><strong>\u00bfQuieres aprender espa\u00f1ol desde la comodidad de tu casa?<\/strong> Visita todos nuestros <a href=\"https:\/\/aprendeconcarmen.es\/carmen-estevez-types-of-online-spanish-classes\/\"><em>cursos online de espa\u00f1ol<\/em><\/a>, tenemos de todos los niveles. Tambi\u00e9n puedes <a href=\"https:\/\/aprendeconcarmen.es\/book-a-free-online-spanish-class-with-carmen-estevez\/\"><em>solicitar la clase de espa\u00f1ol online de prueba<\/em><\/a> gratuita para saber c\u00f3mo ser\u00e1n tus <strong>clases online de espa\u00f1ol<\/strong>.<\/p>\n<\/div>\n<\/div>\n<\/div><\/div>\n","protected":false},"excerpt":{"rendered":"<p>\u00bfSab\u00edas que en Espa\u00f1a sufrimos de algunas afecciones \u00fanicas en el mundo? Todas ellas son expresiones coloquiales que usamos con&#8230;<\/p>\n","protected":false},"author":1,"featured_media":28468,"comment_status":"closed","ping_status":"closed","sticky":false,"template":"","format":"standard","meta":{"footnotes":""},"categories":[120],"tags":[],"yoast_head":"<!-- This site is optimized with the Yoast SEO plugin v22.7 - https:\/\/yoast.com\/wordpress\/plugins\/seo\/ -->\n<title>&quot;Enfermedades&quot; rar\u00edsimas de los espa\u00f1oles... - Aprende con Carmen<\/title>\n<meta name=\"robots\" content=\"index, follow, max-snippet:-1, max-image-preview:large, max-video-preview:-1\" \/>\n<link rel=\"canonical\" href=\"https:\/\/aprendeconcarmen.es\/es\/enfermedades-rarisimas-de-los-espanoles\/\" \/>\n<meta property=\"og:locale\" content=\"es_ES\" \/>\n<meta property=\"og:type\" content=\"article\" \/>\n<meta property=\"og:title\" content=\"&quot;Enfermedades&quot; rar\u00edsimas de los espa\u00f1oles... - Aprende con Carmen\" \/>\n<meta property=\"og:description\" content=\"\u00bfSab\u00edas que en Espa\u00f1a sufrimos de algunas afecciones \u00fanicas en el mundo? Todas ellas son expresiones coloquiales que usamos con...\" \/>\n<meta property=\"og:url\" content=\"https:\/\/aprendeconcarmen.es\/es\/enfermedades-rarisimas-de-los-espanoles\/\" \/>\n<meta property=\"og:site_name\" content=\"Aprende con Carmen\" \/>\n<meta property=\"article:published_time\" content=\"2018-08-09T08:09:47+00:00\" \/>\n<meta property=\"article:modified_time\" content=\"2021-06-14T15:48:37+00:00\" \/>\n<meta property=\"og:image\" content=\"https:\/\/aprendeconcarmen.es\/wp-content\/uploads\/2018\/08\/Enfermedad.jpg\" \/>\n\t<meta property=\"og:image:width\" content=\"640\" \/>\n\t<meta property=\"og:image:height\" content=\"454\" \/>\n\t<meta property=\"og:image:type\" content=\"image\/jpeg\" \/>\n<meta name=\"author\" content=\"Carmen\" \/>\n<meta name=\"twitter:card\" content=\"summary_large_image\" \/>\n<meta name=\"twitter:label1\" content=\"Escrito por\" \/>\n\t<meta name=\"twitter:data1\" content=\"Carmen\" \/>\n\t<meta name=\"twitter:label2\" content=\"Tiempo de lectura\" \/>\n\t<meta name=\"twitter:data2\" content=\"2 minutos\" \/>\n<script type=\"application\/ld+json\" class=\"yoast-schema-graph\">{\"@context\":\"https:\/\/schema.org\",\"@graph\":[{\"@type\":\"WebPage\",\"@id\":\"https:\/\/aprendeconcarmen.es\/es\/enfermedades-rarisimas-de-los-espanoles\/\",\"url\":\"https:\/\/aprendeconcarmen.es\/es\/enfermedades-rarisimas-de-los-espanoles\/\",\"name\":\"\\\"Enfermedades\\\" rar\u00edsimas de los espa\u00f1oles... - Aprende con Carmen\",\"isPartOf\":{\"@id\":\"https:\/\/aprendeconcarmen.es\/es\/#website\"},\"primaryImageOfPage\":{\"@id\":\"https:\/\/aprendeconcarmen.es\/es\/enfermedades-rarisimas-de-los-espanoles\/#primaryimage\"},\"image\":{\"@id\":\"https:\/\/aprendeconcarmen.es\/es\/enfermedades-rarisimas-de-los-espanoles\/#primaryimage\"},\"thumbnailUrl\":\"https:\/\/aprendeconcarmen.es\/wp-content\/uploads\/2018\/08\/Enfermedad.jpg\",\"datePublished\":\"2018-08-09T08:09:47+00:00\",\"dateModified\":\"2021-06-14T15:48:37+00:00\",\"author\":{\"@id\":\"https:\/\/aprendeconcarmen.es\/es\/#\/schema\/person\/1ecf6fd77de04930771393b0d9482587\"},\"breadcrumb\":{\"@id\":\"https:\/\/aprendeconcarmen.es\/es\/enfermedades-rarisimas-de-los-espanoles\/#breadcrumb\"},\"inLanguage\":\"es\",\"potentialAction\":[{\"@type\":\"ReadAction\",\"target\":[\"https:\/\/aprendeconcarmen.es\/es\/enfermedades-rarisimas-de-los-espanoles\/\"]}]},{\"@type\":\"ImageObject\",\"inLanguage\":\"es\",\"@id\":\"https:\/\/aprendeconcarmen.es\/es\/enfermedades-rarisimas-de-los-espanoles\/#primaryimage\",\"url\":\"https:\/\/aprendeconcarmen.es\/wp-content\/uploads\/2018\/08\/Enfermedad.jpg\",\"contentUrl\":\"https:\/\/aprendeconcarmen.es\/wp-content\/uploads\/2018\/08\/Enfermedad.jpg\",\"width\":640,\"height\":454},{\"@type\":\"BreadcrumbList\",\"@id\":\"https:\/\/aprendeconcarmen.es\/es\/enfermedades-rarisimas-de-los-espanoles\/#breadcrumb\",\"itemListElement\":[{\"@type\":\"ListItem\",\"position\":1,\"name\":\"Portada\",\"item\":\"https:\/\/aprendeconcarmen.es\/es\/\"},{\"@type\":\"ListItem\",\"position\":2,\"name\":\"&#8220;Enfermedades&#8221; rar\u00edsimas de los espa\u00f1oles&#8230;\"}]},{\"@type\":\"WebSite\",\"@id\":\"https:\/\/aprendeconcarmen.es\/es\/#website\",\"url\":\"https:\/\/aprendeconcarmen.es\/es\/\",\"name\":\"Aprende con Carmen\",\"description\":\"Clases de espa\u00f1ol online\",\"potentialAction\":[{\"@type\":\"SearchAction\",\"target\":{\"@type\":\"EntryPoint\",\"urlTemplate\":\"https:\/\/aprendeconcarmen.es\/es\/?s={search_term_string}\"},\"query-input\":\"required name=search_term_string\"}],\"inLanguage\":\"es\"},{\"@type\":\"Person\",\"@id\":\"https:\/\/aprendeconcarmen.es\/es\/#\/schema\/person\/1ecf6fd77de04930771393b0d9482587\",\"name\":\"Carmen\",\"image\":{\"@type\":\"ImageObject\",\"inLanguage\":\"es\",\"@id\":\"https:\/\/aprendeconcarmen.es\/es\/#\/schema\/person\/image\/\",\"url\":\"https:\/\/aprendeconcarmen.es\/wp-content\/uploads\/2018\/03\/carmen-estevez-perfil-1-100x100.jpg\",\"contentUrl\":\"https:\/\/aprendeconcarmen.es\/wp-content\/uploads\/2018\/03\/carmen-estevez-perfil-1-100x100.jpg\",\"caption\":\"Carmen\"},\"url\":\"https:\/\/aprendeconcarmen.es\/es\/author\/admin\/\"}]}<\/script>\n<!-- \/ Yoast SEO plugin. -->","yoast_head_json":{"title":"\"Enfermedades\" rar\u00edsimas de los espa\u00f1oles... - Aprende con Carmen","robots":{"index":"index","follow":"follow","max-snippet":"max-snippet:-1","max-image-preview":"max-image-preview:large","max-video-preview":"max-video-preview:-1"},"canonical":"https:\/\/aprendeconcarmen.es\/es\/enfermedades-rarisimas-de-los-espanoles\/","og_locale":"es_ES","og_type":"article","og_title":"\"Enfermedades\" rar\u00edsimas de los espa\u00f1oles... - Aprende con Carmen","og_description":"\u00bfSab\u00edas que en Espa\u00f1a sufrimos de algunas afecciones \u00fanicas en el mundo? Todas ellas son expresiones coloquiales que usamos con...","og_url":"https:\/\/aprendeconcarmen.es\/es\/enfermedades-rarisimas-de-los-espanoles\/","og_site_name":"Aprende con Carmen","article_published_time":"2018-08-09T08:09:47+00:00","article_modified_time":"2021-06-14T15:48:37+00:00","og_image":[{"width":"640","height":"454","url":"https:\/\/aprendeconcarmen.es\/wp-content\/uploads\/2018\/08\/Enfermedad.jpg","type":"image\/jpeg"}],"author":"Carmen","twitter_card":"summary_large_image","twitter_misc":{"Escrito por":"Carmen","Tiempo de lectura":"2 minutos"},"schema":{"@context":"https:\/\/schema.org","@graph":[{"@type":"WebPage","@id":"https:\/\/aprendeconcarmen.es\/es\/enfermedades-rarisimas-de-los-espanoles\/","url":"https:\/\/aprendeconcarmen.es\/es\/enfermedades-rarisimas-de-los-espanoles\/","name":"\"Enfermedades\" rar\u00edsimas de los espa\u00f1oles... - Aprende con Carmen","isPartOf":{"@id":"https:\/\/aprendeconcarmen.es\/es\/#website"},"primaryImageOfPage":{"@id":"https:\/\/aprendeconcarmen.es\/es\/enfermedades-rarisimas-de-los-espanoles\/#primaryimage"},"image":{"@id":"https:\/\/aprendeconcarmen.es\/es\/enfermedades-rarisimas-de-los-espanoles\/#primaryimage"},"thumbnailUrl":"https:\/\/aprendeconcarmen.es\/wp-content\/uploads\/2018\/08\/Enfermedad.jpg","datePublished":"2018-08-09T08:09:47+00:00","dateModified":"2021-06-14T15:48:37+00:00","author":{"@id":"https:\/\/aprendeconcarmen.es\/es\/#\/schema\/person\/1ecf6fd77de04930771393b0d9482587"},"breadcrumb":{"@id":"https:\/\/aprendeconcarmen.es\/es\/enfermedades-rarisimas-de-los-espanoles\/#breadcrumb"},"inLanguage":"es","potentialAction":[{"@type":"ReadAction","target":["https:\/\/aprendeconcarmen.es\/es\/enfermedades-rarisimas-de-los-espanoles\/"]}]},{"@type":"ImageObject","inLanguage":"es","@id":"https:\/\/aprendeconcarmen.es\/es\/enfermedades-rarisimas-de-los-espanoles\/#primaryimage","url":"https:\/\/aprendeconcarmen.es\/wp-content\/uploads\/2018\/08\/Enfermedad.jpg","contentUrl":"https:\/\/aprendeconcarmen.es\/wp-content\/uploads\/2018\/08\/Enfermedad.jpg","width":640,"height":454},{"@type":"BreadcrumbList","@id":"https:\/\/aprendeconcarmen.es\/es\/enfermedades-rarisimas-de-los-espanoles\/#breadcrumb","itemListElement":[{"@type":"ListItem","position":1,"name":"Portada","item":"https:\/\/aprendeconcarmen.es\/es\/"},{"@type":"ListItem","position":2,"name":"&#8220;Enfermedades&#8221; rar\u00edsimas de los espa\u00f1oles&#8230;"}]},{"@type":"WebSite","@id":"https:\/\/aprendeconcarmen.es\/es\/#website","url":"https:\/\/aprendeconcarmen.es\/es\/","name":"Aprende con Carmen","description":"Clases de espa\u00f1ol online","potentialAction":[{"@type":"SearchAction","target":{"@type":"EntryPoint","urlTemplate":"https:\/\/aprendeconcarmen.es\/es\/?s={search_term_string}"},"query-input":"required name=search_term_string"}],"inLanguage":"es"},{"@type":"Person","@id":"https:\/\/aprendeconcarmen.es\/es\/#\/schema\/person\/1ecf6fd77de04930771393b0d9482587","name":"Carmen","image":{"@type":"ImageObject","inLanguage":"es","@id":"https:\/\/aprendeconcarmen.es\/es\/#\/schema\/person\/image\/","url":"https:\/\/aprendeconcarmen.es\/wp-content\/uploads\/2018\/03\/carmen-estevez-perfil-1-100x100.jpg","contentUrl":"https:\/\/aprendeconcarmen.es\/wp-content\/uploads\/2018\/03\/carmen-estevez-perfil-1-100x100.jpg","caption":"Carmen"},"url":"https:\/\/aprendeconcarmen.es\/es\/author\/admin\/"}]}},"post_mailing_queue_ids":[],"_links":{"self":[{"href":"https:\/\/aprendeconcarmen.es\/es\/wp-json\/wp\/v2\/posts\/28193"}],"collection":[{"href":"https:\/\/aprendeconcarmen.es\/es\/wp-json\/wp\/v2\/posts"}],"about":[{"href":"https:\/\/aprendeconcarmen.es\/es\/wp-json\/wp\/v2\/types\/post"}],"author":[{"embeddable":true,"href":"https:\/\/aprendeconcarmen.es\/es\/wp-json\/wp\/v2\/users\/1"}],"replies":[{"embeddable":true,"href":"https:\/\/aprendeconcarmen.es\/es\/wp-json\/wp\/v2\/comments?post=28193"}],"version-history":[{"count":0,"href":"https:\/\/aprendeconcarmen.es\/es\/wp-json\/wp\/v2\/posts\/28193\/revisions"}],"wp:featuredmedia":[{"embeddable":true,"href":"https:\/\/aprendeconcarmen.es\/es\/wp-json\/wp\/v2\/media\/28468"}],"wp:attachment":[{"href":"https:\/\/aprendeconcarmen.es\/es\/wp-json\/wp\/v2\/media?parent=28193"}],"wp:term":[{"taxonomy":"category","embeddable":true,"href":"https:\/\/aprendeconcarmen.es\/es\/wp-json\/wp\/v2\/categories?post=28193"},{"taxonomy":"post_tag","embeddable":true,"href":"https:\/\/aprendeconcarmen.es\/es\/wp-json\/wp\/v2\/tags?post=28193"}],"curies":[{"name":"wp","href":"https:\/\/api.w.org\/{rel}","templated":true}]}}