{"id":28827,"date":"2019-01-30T14:01:44","date_gmt":"2019-01-30T12:01:44","guid":{"rendered":"https:\/\/aprendeconcarmen.es\/?p=28827"},"modified":"2021-06-14T17:42:08","modified_gmt":"2021-06-14T15:42:08","slug":"el-nodo","status":"publish","type":"post","link":"https:\/\/aprendeconcarmen.es\/es\/el-nodo\/","title":{"rendered":"El NODO"},"content":{"rendered":"<h2>\u00bfQu\u00e9 es el NODO? El <strong>NO-DO<\/strong>, acr\u00f3nimo de <span style=\"color: #ff0000;\"><strong>NO<\/strong><\/span>ticiero <span style=\"color: #ff0000;\"><strong>DO<\/strong><\/span>cumental o <strong>NODO<\/strong>, era un noticiero que se proyectaba obligatoriamente en los cines espa\u00f1oles antes de empezar la pel\u00edcula, entre 1942 y 1981.<\/h2>\n<p>En principio se llamaba simplemente Noticieros,&nbsp;\u201ccon el fin de mantener la informaci\u00f3n cinematogr\u00e1fica nacional\u201d. La primera proyecci\u00f3n se realiz\u00f3 el 4 de enero de 1943.<\/p>\n<p>Durante a\u00f1os, el r\u00e9gimen franquista us\u00f3 el&nbsp;&nbsp;<strong>NO-DO<\/strong> para presentar una visi\u00f3n peculiar de Espa\u00f1a y del resto del mundo, con escasas posibilidades de contraste por parte de los espectadores ya que la prensa y la radio estaban censuradas y controladas.<\/p>\n<p>Ten\u00eda la exclusividad en cuanto a los reportajes que se pon\u00edan en los cines.&nbsp; Lo proyectaban siempre antes de la pel\u00edcula y fue obligatorio hasta enero de 1976. Despu\u00e9s, hasta el a\u00f1o 1981 en que desapareci\u00f3, fue voluntario.<\/p>\n<p>Durante su existencia cambi\u00f3 de formato y se sustituyeron las noticias por reportajes con un inter\u00e9s de car\u00e1cter art\u00edstico, monumental o tur\u00edstico.<\/p>\n<p>Su peculiar m\u00fasica de cabecera, lo mismo que las repetidas im\u00e1genes del Dictador Franco inaugurando embalses, han quedado grabadas en la memoria de varias generaciones de espa\u00f1oles.<\/p>\n<p>Hoy, las noticias del NODO nos ayudan a conocer una \u00e9poca de Espa\u00f1a. Los archivos contienen mucho m\u00e1s material que el que fue proyectado, y como curiosidad, se puede decir que los primeros reportajes en color se rodaron en 1968, aunque la imagen m\u00e1s t\u00edpica del NO-DO sea en blanco y negro.<\/p>\n\n\n<div class=\"wp-block-group has-white-background-color has-background\"><div class=\"wp-block-group__inner-container is-layout-flow wp-block-group-is-layout-flow\">\n<div style=\"height:30px\" aria-hidden=\"true\" class=\"wp-block-spacer\"><\/div>\n\n\n\n<div class=\"wp-block-columns is-layout-flex wp-container-core-columns-layout-1 wp-block-columns-is-layout-flex\">\n<div class=\"wp-block-column is-vertically-aligned-center is-layout-flow wp-block-column-is-layout-flow\" style=\"flex-basis:25%\">\n<div class=\"wp-block-image is-style-rounded\"><figure class=\"alignleft size-thumbnail is-resized\"><img loading=\"lazy\" decoding=\"async\" src=\"https:\/\/aprendeconcarmen.es\/wp-content\/uploads\/2018\/03\/carmen-estevez-faqs-150x150.jpg\" alt=\"Preguntas frecuentes\" class=\"wp-image-24933\" width=\"150\" height=\"150\"\/><\/figure><\/div>\n<\/div>\n\n\n\n<div class=\"wp-block-column is-layout-flow wp-block-column-is-layout-flow\" style=\"flex-basis:75%\">\n<h2 class=\"has-text-color wp-block-heading\" style=\"color:#ca4e25\">Carmen Est\u00e9vez<br>Profesora nativa de espa\u00f1ol<\/h2>\n\n\n\n<p class=\"has-text-color\" style=\"color:#3d394e\"><strong>\u00bfQuieres aprender espa\u00f1ol desde la comodidad de tu casa?<\/strong> Visita todos nuestros <a href=\"https:\/\/aprendeconcarmen.es\/carmen-estevez-types-of-online-spanish-classes\/\"><em>cursos online de espa\u00f1ol<\/em><\/a>, tenemos de todos los niveles. Tambi\u00e9n puedes <a href=\"https:\/\/aprendeconcarmen.es\/book-a-free-online-spanish-class-with-carmen-estevez\/\"><em>solicitar la clase de espa\u00f1ol online de prueba<\/em><\/a> gratuita para saber c\u00f3mo ser\u00e1n tus <strong>clases online de espa\u00f1ol<\/strong>.<\/p>\n<\/div>\n<\/div>\n<\/div><\/div>\n","protected":false},"excerpt":{"rendered":"<p>\u00bfQu\u00e9 es el NODO? El NO-DO, acr\u00f3nimo de NOticiero DOcumental o NODO, era un noticiero que se proyectaba obligatoriamente en&#8230;<\/p>\n","protected":false},"author":1,"featured_media":28829,"comment_status":"closed","ping_status":"closed","sticky":false,"template":"","format":"video","meta":{"footnotes":""},"categories":[120],"tags":[],"yoast_head":"<!-- This site is optimized with the Yoast SEO plugin v22.7 - https:\/\/yoast.com\/wordpress\/plugins\/seo\/ -->\n<title>El NODO - Aprende con Carmen<\/title>\n<meta name=\"description\" content=\"\u00bfQu\u00e9 es el NODO? El NODO es el acr\u00f3nimo de Noticiero Documental que se proyectaba en los cines espa\u00f1oles antes de empezar la pel\u00edcula.\" \/>\n<meta name=\"robots\" content=\"index, follow, max-snippet:-1, max-image-preview:large, max-video-preview:-1\" \/>\n<link rel=\"canonical\" href=\"https:\/\/aprendeconcarmen.es\/es\/el-nodo\/\" \/>\n<meta property=\"og:locale\" content=\"es_ES\" \/>\n<meta property=\"og:type\" content=\"article\" \/>\n<meta property=\"og:title\" content=\"El NODO - Aprende con Carmen\" \/>\n<meta property=\"og:description\" content=\"\u00bfQu\u00e9 es el NODO? El NODO es el acr\u00f3nimo de Noticiero Documental que se proyectaba en los cines espa\u00f1oles antes de empezar la pel\u00edcula.\" \/>\n<meta property=\"og:url\" content=\"https:\/\/aprendeconcarmen.es\/es\/el-nodo\/\" \/>\n<meta property=\"og:site_name\" content=\"Aprende con Carmen\" \/>\n<meta property=\"article:published_time\" content=\"2019-01-30T12:01:44+00:00\" \/>\n<meta property=\"article:modified_time\" content=\"2021-06-14T15:42:08+00:00\" \/>\n<meta property=\"og:image\" content=\"https:\/\/aprendeconcarmen.es\/wp-content\/uploads\/2018\/11\/nodo.jpg\" \/>\n\t<meta property=\"og:image:width\" content=\"466\" \/>\n\t<meta property=\"og:image:height\" content=\"296\" \/>\n\t<meta property=\"og:image:type\" content=\"image\/jpeg\" \/>\n<meta name=\"author\" content=\"Carmen\" \/>\n<meta name=\"twitter:card\" content=\"summary_large_image\" \/>\n<meta name=\"twitter:label1\" content=\"Escrito por\" \/>\n\t<meta name=\"twitter:data1\" content=\"Carmen\" \/>\n\t<meta name=\"twitter:label2\" content=\"Tiempo de lectura\" \/>\n\t<meta name=\"twitter:data2\" content=\"2 minutos\" \/>\n<script type=\"application\/ld+json\" class=\"yoast-schema-graph\">{\"@context\":\"https:\/\/schema.org\",\"@graph\":[{\"@type\":\"WebPage\",\"@id\":\"https:\/\/aprendeconcarmen.es\/es\/el-nodo\/\",\"url\":\"https:\/\/aprendeconcarmen.es\/es\/el-nodo\/\",\"name\":\"El NODO - Aprende con Carmen\",\"isPartOf\":{\"@id\":\"https:\/\/aprendeconcarmen.es\/es\/#website\"},\"primaryImageOfPage\":{\"@id\":\"https:\/\/aprendeconcarmen.es\/es\/el-nodo\/#primaryimage\"},\"image\":{\"@id\":\"https:\/\/aprendeconcarmen.es\/es\/el-nodo\/#primaryimage\"},\"thumbnailUrl\":\"https:\/\/aprendeconcarmen.es\/wp-content\/uploads\/2018\/11\/nodo.jpg\",\"datePublished\":\"2019-01-30T12:01:44+00:00\",\"dateModified\":\"2021-06-14T15:42:08+00:00\",\"author\":{\"@id\":\"https:\/\/aprendeconcarmen.es\/es\/#\/schema\/person\/1ecf6fd77de04930771393b0d9482587\"},\"description\":\"\u00bfQu\u00e9 es el NODO? El NODO es el acr\u00f3nimo de Noticiero Documental que se proyectaba en los cines espa\u00f1oles antes de empezar la pel\u00edcula.\",\"breadcrumb\":{\"@id\":\"https:\/\/aprendeconcarmen.es\/es\/el-nodo\/#breadcrumb\"},\"inLanguage\":\"es\",\"potentialAction\":[{\"@type\":\"ReadAction\",\"target\":[\"https:\/\/aprendeconcarmen.es\/es\/el-nodo\/\"]}]},{\"@type\":\"ImageObject\",\"inLanguage\":\"es\",\"@id\":\"https:\/\/aprendeconcarmen.es\/es\/el-nodo\/#primaryimage\",\"url\":\"https:\/\/aprendeconcarmen.es\/wp-content\/uploads\/2018\/11\/nodo.jpg\",\"contentUrl\":\"https:\/\/aprendeconcarmen.es\/wp-content\/uploads\/2018\/11\/nodo.jpg\",\"width\":466,\"height\":296},{\"@type\":\"BreadcrumbList\",\"@id\":\"https:\/\/aprendeconcarmen.es\/es\/el-nodo\/#breadcrumb\",\"itemListElement\":[{\"@type\":\"ListItem\",\"position\":1,\"name\":\"Portada\",\"item\":\"https:\/\/aprendeconcarmen.es\/es\/\"},{\"@type\":\"ListItem\",\"position\":2,\"name\":\"El NODO\"}]},{\"@type\":\"WebSite\",\"@id\":\"https:\/\/aprendeconcarmen.es\/es\/#website\",\"url\":\"https:\/\/aprendeconcarmen.es\/es\/\",\"name\":\"Aprende con Carmen\",\"description\":\"Clases de espa\u00f1ol online\",\"potentialAction\":[{\"@type\":\"SearchAction\",\"target\":{\"@type\":\"EntryPoint\",\"urlTemplate\":\"https:\/\/aprendeconcarmen.es\/es\/?s={search_term_string}\"},\"query-input\":\"required name=search_term_string\"}],\"inLanguage\":\"es\"},{\"@type\":\"Person\",\"@id\":\"https:\/\/aprendeconcarmen.es\/es\/#\/schema\/person\/1ecf6fd77de04930771393b0d9482587\",\"name\":\"Carmen\",\"image\":{\"@type\":\"ImageObject\",\"inLanguage\":\"es\",\"@id\":\"https:\/\/aprendeconcarmen.es\/es\/#\/schema\/person\/image\/\",\"url\":\"https:\/\/aprendeconcarmen.es\/wp-content\/uploads\/2018\/03\/carmen-estevez-perfil-1-100x100.jpg\",\"contentUrl\":\"https:\/\/aprendeconcarmen.es\/wp-content\/uploads\/2018\/03\/carmen-estevez-perfil-1-100x100.jpg\",\"caption\":\"Carmen\"},\"url\":\"https:\/\/aprendeconcarmen.es\/es\/author\/admin\/\"}]}<\/script>\n<!-- \/ Yoast SEO plugin. -->","yoast_head_json":{"title":"El NODO - Aprende con Carmen","description":"\u00bfQu\u00e9 es el NODO? El NODO es el acr\u00f3nimo de Noticiero Documental que se proyectaba en los cines espa\u00f1oles antes de empezar la pel\u00edcula.","robots":{"index":"index","follow":"follow","max-snippet":"max-snippet:-1","max-image-preview":"max-image-preview:large","max-video-preview":"max-video-preview:-1"},"canonical":"https:\/\/aprendeconcarmen.es\/es\/el-nodo\/","og_locale":"es_ES","og_type":"article","og_title":"El NODO - Aprende con Carmen","og_description":"\u00bfQu\u00e9 es el NODO? El NODO es el acr\u00f3nimo de Noticiero Documental que se proyectaba en los cines espa\u00f1oles antes de empezar la pel\u00edcula.","og_url":"https:\/\/aprendeconcarmen.es\/es\/el-nodo\/","og_site_name":"Aprende con Carmen","article_published_time":"2019-01-30T12:01:44+00:00","article_modified_time":"2021-06-14T15:42:08+00:00","og_image":[{"width":466,"height":296,"url":"https:\/\/aprendeconcarmen.es\/wp-content\/uploads\/2018\/11\/nodo.jpg","type":"image\/jpeg"}],"author":"Carmen","twitter_card":"summary_large_image","twitter_misc":{"Escrito por":"Carmen","Tiempo de lectura":"2 minutos"},"schema":{"@context":"https:\/\/schema.org","@graph":[{"@type":"WebPage","@id":"https:\/\/aprendeconcarmen.es\/es\/el-nodo\/","url":"https:\/\/aprendeconcarmen.es\/es\/el-nodo\/","name":"El NODO - Aprende con Carmen","isPartOf":{"@id":"https:\/\/aprendeconcarmen.es\/es\/#website"},"primaryImageOfPage":{"@id":"https:\/\/aprendeconcarmen.es\/es\/el-nodo\/#primaryimage"},"image":{"@id":"https:\/\/aprendeconcarmen.es\/es\/el-nodo\/#primaryimage"},"thumbnailUrl":"https:\/\/aprendeconcarmen.es\/wp-content\/uploads\/2018\/11\/nodo.jpg","datePublished":"2019-01-30T12:01:44+00:00","dateModified":"2021-06-14T15:42:08+00:00","author":{"@id":"https:\/\/aprendeconcarmen.es\/es\/#\/schema\/person\/1ecf6fd77de04930771393b0d9482587"},"description":"\u00bfQu\u00e9 es el NODO? El NODO es el acr\u00f3nimo de Noticiero Documental que se proyectaba en los cines espa\u00f1oles antes de empezar la pel\u00edcula.","breadcrumb":{"@id":"https:\/\/aprendeconcarmen.es\/es\/el-nodo\/#breadcrumb"},"inLanguage":"es","potentialAction":[{"@type":"ReadAction","target":["https:\/\/aprendeconcarmen.es\/es\/el-nodo\/"]}]},{"@type":"ImageObject","inLanguage":"es","@id":"https:\/\/aprendeconcarmen.es\/es\/el-nodo\/#primaryimage","url":"https:\/\/aprendeconcarmen.es\/wp-content\/uploads\/2018\/11\/nodo.jpg","contentUrl":"https:\/\/aprendeconcarmen.es\/wp-content\/uploads\/2018\/11\/nodo.jpg","width":466,"height":296},{"@type":"BreadcrumbList","@id":"https:\/\/aprendeconcarmen.es\/es\/el-nodo\/#breadcrumb","itemListElement":[{"@type":"ListItem","position":1,"name":"Portada","item":"https:\/\/aprendeconcarmen.es\/es\/"},{"@type":"ListItem","position":2,"name":"El NODO"}]},{"@type":"WebSite","@id":"https:\/\/aprendeconcarmen.es\/es\/#website","url":"https:\/\/aprendeconcarmen.es\/es\/","name":"Aprende con Carmen","description":"Clases de espa\u00f1ol online","potentialAction":[{"@type":"SearchAction","target":{"@type":"EntryPoint","urlTemplate":"https:\/\/aprendeconcarmen.es\/es\/?s={search_term_string}"},"query-input":"required name=search_term_string"}],"inLanguage":"es"},{"@type":"Person","@id":"https:\/\/aprendeconcarmen.es\/es\/#\/schema\/person\/1ecf6fd77de04930771393b0d9482587","name":"Carmen","image":{"@type":"ImageObject","inLanguage":"es","@id":"https:\/\/aprendeconcarmen.es\/es\/#\/schema\/person\/image\/","url":"https:\/\/aprendeconcarmen.es\/wp-content\/uploads\/2018\/03\/carmen-estevez-perfil-1-100x100.jpg","contentUrl":"https:\/\/aprendeconcarmen.es\/wp-content\/uploads\/2018\/03\/carmen-estevez-perfil-1-100x100.jpg","caption":"Carmen"},"url":"https:\/\/aprendeconcarmen.es\/es\/author\/admin\/"}]}},"post_mailing_queue_ids":[],"_links":{"self":[{"href":"https:\/\/aprendeconcarmen.es\/es\/wp-json\/wp\/v2\/posts\/28827"}],"collection":[{"href":"https:\/\/aprendeconcarmen.es\/es\/wp-json\/wp\/v2\/posts"}],"about":[{"href":"https:\/\/aprendeconcarmen.es\/es\/wp-json\/wp\/v2\/types\/post"}],"author":[{"embeddable":true,"href":"https:\/\/aprendeconcarmen.es\/es\/wp-json\/wp\/v2\/users\/1"}],"replies":[{"embeddable":true,"href":"https:\/\/aprendeconcarmen.es\/es\/wp-json\/wp\/v2\/comments?post=28827"}],"version-history":[{"count":0,"href":"https:\/\/aprendeconcarmen.es\/es\/wp-json\/wp\/v2\/posts\/28827\/revisions"}],"wp:featuredmedia":[{"embeddable":true,"href":"https:\/\/aprendeconcarmen.es\/es\/wp-json\/wp\/v2\/media\/28829"}],"wp:attachment":[{"href":"https:\/\/aprendeconcarmen.es\/es\/wp-json\/wp\/v2\/media?parent=28827"}],"wp:term":[{"taxonomy":"category","embeddable":true,"href":"https:\/\/aprendeconcarmen.es\/es\/wp-json\/wp\/v2\/categories?post=28827"},{"taxonomy":"post_tag","embeddable":true,"href":"https:\/\/aprendeconcarmen.es\/es\/wp-json\/wp\/v2\/tags?post=28827"}],"curies":[{"name":"wp","href":"https:\/\/api.w.org\/{rel}","templated":true}]}}