{"id":30120,"date":"2019-11-21T12:23:33","date_gmt":"2019-11-21T10:23:33","guid":{"rendered":"https:\/\/aprendeconcarmen.es\/?p=30120"},"modified":"2021-06-14T17:32:15","modified_gmt":"2021-06-14T15:32:15","slug":"la-coma","status":"publish","type":"post","link":"https:\/\/aprendeconcarmen.es\/es\/la-coma\/","title":{"rendered":"La coma"},"content":{"rendered":"<h2>Hoy vamos a ver el uso de la coma (,). La coma es un signo gr\u00e1fico que representa una pausa m\u00e1s breve que la del punto (.), y se utiliza con frecuencia en toda clase de textos.<\/h2>\n<p>1. Se usa la coma (,) antes y despu\u00e9s de algunas conjunciones cuando la oraci\u00f3n es corta: <strong>, por tanto, &#8230;, en cambio, &#8230;, en consecuencia, &#8230;, no obstante, &#8230;, es decir, &#8230;, sin embargo, &#8230;, en tal caso, &#8230;, por consiguiente, &#8230;, etc.<\/strong><\/p>\n<p><strong><span style=\"color: #3366ff;\">Ejemplos:<\/span><\/strong><\/p>\n<ul>\n<li>Est\u00e1 lloviendo<strong>,<\/strong> <strong>por tanto,<\/strong> coger\u00e9 el paraguas.<\/li>\n<li>No est\u00e1s estudiando nada para el examen<strong>, en consecuencia,<\/strong> no vas a aprobarlo.<\/li>\n<\/ul>\n<p>2. Se usa la coma para separar el vocativo del resto de la oraci\u00f3n cuando expresa ruego o mandato.<\/p>\n<p><strong><span style=\"color: #3366ff;\">Ejemplo:<\/span><\/strong> \u00a1Mar\u00eda, limpia tu habitaci\u00f3n! o \u00a1Limpia tu habitaci\u00f3n, Mar\u00eda!<\/p>\n<p>3. Se usa la coma antes de algunas conjunciones como: <strong><em>pero, aunque, pues, porque, mientras, sino, mas, etc.<\/em><\/strong><\/p>\n<p><strong><span style=\"color: #3366ff;\">Ejemplos: <\/span><\/strong><\/p>\n<ul>\n<li>T\u00fa haces la comida<strong>,<\/strong> <strong>mientras<\/strong> yo limpio el polvo.<\/li>\n<li>No solo quieres mi m\u00f3vil<strong>,<\/strong> <strong>sino<\/strong> que tambi\u00e9n quieres el de tu hermano.<\/li>\n<\/ul>\n<p>4. Tambi\u00e9n se usa la coma para enumerar <strong>sustantivos<\/strong>, <strong>adjetivos<\/strong> o <strong>verbos<\/strong> que van seguidos dentro de una oraci\u00f3n.<\/p>\n<p><strong><span style=\"color: #3366ff;\">Ejemplos: <\/span><\/strong><\/p>\n<ul>\n<li>Estuvieron en la fiesta, Juanjo, Mar\u00eda Jos\u00e9, Ana y Roberto.<\/li>\n<li>Clemente es inteligente, aplicado, perspicaz y educado.<\/li>\n<li>En la fiesta de ayer bail\u00e9, com\u00ed, beb\u00ed, salt\u00e9 y disfrut\u00e9 de lo lindo.<\/li>\n<\/ul>\n<p>5. Usamos la coma para separar una <strong>oraci\u00f3n explicativa<\/strong> de otra oraci\u00f3n. Esta deber\u00e1 llevar coma antes y despu\u00e9s de la frase.<\/p>\n<p><strong><span style=\"color: #3366ff;\">Ejemplos:<\/span><\/strong><\/p>\n<ul>\n<li>Miguel<strong>,<\/strong> <strong>el que se sienta delante de ti en clase,<\/strong> es el hermano de Julia.<\/li>\n<li>Siempre<strong>,<\/strong> <strong>dicen mis padres,<\/strong> hay que decir la verdad.<\/li>\n<\/ul>\n<p>6. Se usa la coma para separar el lugar del resto de la fecha. Normalmente cuando escribimos una carta.<\/p>\n<p><strong><span style=\"color: #3366ff;\">Ejemplo:<\/span><\/strong><\/p>\n<ul>\n<li>Madrid<strong>,<\/strong> 20 de noviembre de 2019.<\/li>\n<\/ul>\n<p>Termino con un poco de humor.&nbsp; <em>\u00a1Hora de comer ni\u00f1os! <\/em>= <strong>te vas a comer a todos los ni\u00f1os que encuentres<\/strong> (como el dibujo de abajo) y <em>\u00a1Hora de comer, ni\u00f1os!<\/em> = <strong>la madre le dice a los ni\u00f1os que ya es la hora de comer y que tienen que volver a casa.<\/strong> En este caso se trata del uso de la coma con un vocativo. As\u00ed que cuidado, porque las comas pueden salvar vidas&#8230;<\/p>\n<p><img loading=\"lazy\" decoding=\"async\" class=\"alignnone wp-image-30123 aligncenter\" src=\"https:\/\/aprendeconcarmen.es\/wp-content\/uploads\/2019\/11\/66980046_2351586881761580_5601773390390147218_n.jpg\" alt=\"\" width=\"617\" height=\"617\" srcset=\"https:\/\/aprendeconcarmen.es\/wp-content\/uploads\/2019\/11\/66980046_2351586881761580_5601773390390147218_n.jpg 960w, https:\/\/aprendeconcarmen.es\/wp-content\/uploads\/2019\/11\/66980046_2351586881761580_5601773390390147218_n-100x100.jpg 100w, https:\/\/aprendeconcarmen.es\/wp-content\/uploads\/2019\/11\/66980046_2351586881761580_5601773390390147218_n-564x564.jpg 564w\" sizes=\"(max-width: 617px) 100vw, 617px\" \/><\/p>\n\n\n<div class=\"wp-block-group has-white-background-color has-background\"><div class=\"wp-block-group__inner-container is-layout-flow wp-block-group-is-layout-flow\">\n<div style=\"height:30px\" aria-hidden=\"true\" class=\"wp-block-spacer\"><\/div>\n\n\n\n<div class=\"wp-block-columns is-layout-flex wp-container-core-columns-layout-1 wp-block-columns-is-layout-flex\">\n<div class=\"wp-block-column is-vertically-aligned-center is-layout-flow wp-block-column-is-layout-flow\" style=\"flex-basis:25%\">\n<div class=\"wp-block-image is-style-rounded\"><figure class=\"alignleft size-thumbnail is-resized\"><img loading=\"lazy\" decoding=\"async\" src=\"https:\/\/aprendeconcarmen.es\/wp-content\/uploads\/2018\/03\/carmen-estevez-faqs-150x150.jpg\" alt=\"Preguntas frecuentes\" class=\"wp-image-24933\" width=\"150\" height=\"150\"\/><\/figure><\/div>\n<\/div>\n\n\n\n<div class=\"wp-block-column is-layout-flow wp-block-column-is-layout-flow\" style=\"flex-basis:75%\">\n<h2 class=\"has-text-color wp-block-heading\" style=\"color:#ca4e25\">Carmen Est\u00e9vez<br>Profesora nativa de espa\u00f1ol<\/h2>\n\n\n\n<p class=\"has-text-color\" style=\"color:#3d394e\"><strong>\u00bfQuieres aprender espa\u00f1ol desde la comodidad de tu casa?<\/strong> Visita todos nuestros <a href=\"https:\/\/aprendeconcarmen.es\/carmen-estevez-types-of-online-spanish-classes\/\"><em>cursos online de espa\u00f1ol<\/em><\/a>, tenemos de todos los niveles. Tambi\u00e9n puedes <a href=\"https:\/\/aprendeconcarmen.es\/book-a-free-online-spanish-class-with-carmen-estevez\/\"><em>solicitar la clase de espa\u00f1ol online de prueba<\/em><\/a> gratuita para saber c\u00f3mo ser\u00e1n tus <strong>clases online de espa\u00f1ol<\/strong>.<\/p>\n<\/div>\n<\/div>\n<\/div><\/div>\n","protected":false},"excerpt":{"rendered":"<p>Hoy vamos a ver el uso de la coma (,). La coma es un signo gr\u00e1fico que representa una pausa&#8230;<\/p>\n","protected":false},"author":1,"featured_media":30121,"comment_status":"closed","ping_status":"closed","sticky":false,"template":"","format":"image","meta":{"footnotes":""},"categories":[121],"tags":[],"yoast_head":"<!-- This site is optimized with the Yoast SEO plugin v22.7 - https:\/\/yoast.com\/wordpress\/plugins\/seo\/ -->\n<title>La coma - Aprende con Carmen<\/title>\n<meta name=\"description\" content=\"La coma es un signo gr\u00e1fico que representa una pausa m\u00e1s breve que la del punto, y se utiliza con frecuencia en toda clase de textos.\" \/>\n<meta name=\"robots\" content=\"index, follow, max-snippet:-1, max-image-preview:large, max-video-preview:-1\" \/>\n<link rel=\"canonical\" href=\"https:\/\/aprendeconcarmen.es\/es\/la-coma\/\" \/>\n<meta property=\"og:locale\" content=\"es_ES\" \/>\n<meta property=\"og:type\" content=\"article\" \/>\n<meta property=\"og:title\" content=\"La coma - Aprende con Carmen\" \/>\n<meta property=\"og:description\" content=\"La coma es un signo gr\u00e1fico que representa una pausa m\u00e1s breve que la del punto, y se utiliza con frecuencia en toda clase de textos.\" \/>\n<meta property=\"og:url\" content=\"https:\/\/aprendeconcarmen.es\/es\/la-coma\/\" \/>\n<meta property=\"og:site_name\" content=\"Aprende con Carmen\" \/>\n<meta property=\"article:published_time\" content=\"2019-11-21T10:23:33+00:00\" \/>\n<meta property=\"article:modified_time\" content=\"2021-06-14T15:32:15+00:00\" \/>\n<meta property=\"og:image\" content=\"https:\/\/aprendeconcarmen.es\/wp-content\/uploads\/2019\/11\/uso-de-la-coma.png\" \/>\n\t<meta property=\"og:image:width\" content=\"560\" \/>\n\t<meta property=\"og:image:height\" content=\"315\" \/>\n\t<meta property=\"og:image:type\" content=\"image\/png\" \/>\n<meta name=\"author\" content=\"Carmen\" \/>\n<meta name=\"twitter:card\" content=\"summary_large_image\" \/>\n<meta name=\"twitter:label1\" content=\"Escrito por\" \/>\n\t<meta name=\"twitter:data1\" content=\"Carmen\" \/>\n\t<meta name=\"twitter:label2\" content=\"Tiempo de lectura\" \/>\n\t<meta name=\"twitter:data2\" content=\"2 minutos\" \/>\n<script type=\"application\/ld+json\" class=\"yoast-schema-graph\">{\"@context\":\"https:\/\/schema.org\",\"@graph\":[{\"@type\":\"WebPage\",\"@id\":\"https:\/\/aprendeconcarmen.es\/es\/la-coma\/\",\"url\":\"https:\/\/aprendeconcarmen.es\/es\/la-coma\/\",\"name\":\"La coma - Aprende con Carmen\",\"isPartOf\":{\"@id\":\"https:\/\/aprendeconcarmen.es\/es\/#website\"},\"primaryImageOfPage\":{\"@id\":\"https:\/\/aprendeconcarmen.es\/es\/la-coma\/#primaryimage\"},\"image\":{\"@id\":\"https:\/\/aprendeconcarmen.es\/es\/la-coma\/#primaryimage\"},\"thumbnailUrl\":\"https:\/\/aprendeconcarmen.es\/wp-content\/uploads\/2019\/11\/uso-de-la-coma.png\",\"datePublished\":\"2019-11-21T10:23:33+00:00\",\"dateModified\":\"2021-06-14T15:32:15+00:00\",\"author\":{\"@id\":\"https:\/\/aprendeconcarmen.es\/es\/#\/schema\/person\/1ecf6fd77de04930771393b0d9482587\"},\"description\":\"La coma es un signo gr\u00e1fico que representa una pausa m\u00e1s breve que la del punto, y se utiliza con frecuencia en toda clase de textos.\",\"breadcrumb\":{\"@id\":\"https:\/\/aprendeconcarmen.es\/es\/la-coma\/#breadcrumb\"},\"inLanguage\":\"es\",\"potentialAction\":[{\"@type\":\"ReadAction\",\"target\":[\"https:\/\/aprendeconcarmen.es\/es\/la-coma\/\"]}]},{\"@type\":\"ImageObject\",\"inLanguage\":\"es\",\"@id\":\"https:\/\/aprendeconcarmen.es\/es\/la-coma\/#primaryimage\",\"url\":\"https:\/\/aprendeconcarmen.es\/wp-content\/uploads\/2019\/11\/uso-de-la-coma.png\",\"contentUrl\":\"https:\/\/aprendeconcarmen.es\/wp-content\/uploads\/2019\/11\/uso-de-la-coma.png\",\"width\":560,\"height\":315},{\"@type\":\"BreadcrumbList\",\"@id\":\"https:\/\/aprendeconcarmen.es\/es\/la-coma\/#breadcrumb\",\"itemListElement\":[{\"@type\":\"ListItem\",\"position\":1,\"name\":\"Portada\",\"item\":\"https:\/\/aprendeconcarmen.es\/es\/\"},{\"@type\":\"ListItem\",\"position\":2,\"name\":\"La coma\"}]},{\"@type\":\"WebSite\",\"@id\":\"https:\/\/aprendeconcarmen.es\/es\/#website\",\"url\":\"https:\/\/aprendeconcarmen.es\/es\/\",\"name\":\"Aprende con Carmen\",\"description\":\"Clases de espa\u00f1ol online\",\"potentialAction\":[{\"@type\":\"SearchAction\",\"target\":{\"@type\":\"EntryPoint\",\"urlTemplate\":\"https:\/\/aprendeconcarmen.es\/es\/?s={search_term_string}\"},\"query-input\":\"required name=search_term_string\"}],\"inLanguage\":\"es\"},{\"@type\":\"Person\",\"@id\":\"https:\/\/aprendeconcarmen.es\/es\/#\/schema\/person\/1ecf6fd77de04930771393b0d9482587\",\"name\":\"Carmen\",\"image\":{\"@type\":\"ImageObject\",\"inLanguage\":\"es\",\"@id\":\"https:\/\/aprendeconcarmen.es\/es\/#\/schema\/person\/image\/\",\"url\":\"https:\/\/aprendeconcarmen.es\/wp-content\/uploads\/2018\/03\/carmen-estevez-perfil-1-100x100.jpg\",\"contentUrl\":\"https:\/\/aprendeconcarmen.es\/wp-content\/uploads\/2018\/03\/carmen-estevez-perfil-1-100x100.jpg\",\"caption\":\"Carmen\"},\"url\":\"https:\/\/aprendeconcarmen.es\/es\/author\/admin\/\"}]}<\/script>\n<!-- \/ Yoast SEO plugin. -->","yoast_head_json":{"title":"La coma - Aprende con Carmen","description":"La coma es un signo gr\u00e1fico que representa una pausa m\u00e1s breve que la del punto, y se utiliza con frecuencia en toda clase de textos.","robots":{"index":"index","follow":"follow","max-snippet":"max-snippet:-1","max-image-preview":"max-image-preview:large","max-video-preview":"max-video-preview:-1"},"canonical":"https:\/\/aprendeconcarmen.es\/es\/la-coma\/","og_locale":"es_ES","og_type":"article","og_title":"La coma - Aprende con Carmen","og_description":"La coma es un signo gr\u00e1fico que representa una pausa m\u00e1s breve que la del punto, y se utiliza con frecuencia en toda clase de textos.","og_url":"https:\/\/aprendeconcarmen.es\/es\/la-coma\/","og_site_name":"Aprende con Carmen","article_published_time":"2019-11-21T10:23:33+00:00","article_modified_time":"2021-06-14T15:32:15+00:00","og_image":[{"width":560,"height":315,"url":"https:\/\/aprendeconcarmen.es\/wp-content\/uploads\/2019\/11\/uso-de-la-coma.png","type":"image\/png"}],"author":"Carmen","twitter_card":"summary_large_image","twitter_misc":{"Escrito por":"Carmen","Tiempo de lectura":"2 minutos"},"schema":{"@context":"https:\/\/schema.org","@graph":[{"@type":"WebPage","@id":"https:\/\/aprendeconcarmen.es\/es\/la-coma\/","url":"https:\/\/aprendeconcarmen.es\/es\/la-coma\/","name":"La coma - Aprende con Carmen","isPartOf":{"@id":"https:\/\/aprendeconcarmen.es\/es\/#website"},"primaryImageOfPage":{"@id":"https:\/\/aprendeconcarmen.es\/es\/la-coma\/#primaryimage"},"image":{"@id":"https:\/\/aprendeconcarmen.es\/es\/la-coma\/#primaryimage"},"thumbnailUrl":"https:\/\/aprendeconcarmen.es\/wp-content\/uploads\/2019\/11\/uso-de-la-coma.png","datePublished":"2019-11-21T10:23:33+00:00","dateModified":"2021-06-14T15:32:15+00:00","author":{"@id":"https:\/\/aprendeconcarmen.es\/es\/#\/schema\/person\/1ecf6fd77de04930771393b0d9482587"},"description":"La coma es un signo gr\u00e1fico que representa una pausa m\u00e1s breve que la del punto, y se utiliza con frecuencia en toda clase de textos.","breadcrumb":{"@id":"https:\/\/aprendeconcarmen.es\/es\/la-coma\/#breadcrumb"},"inLanguage":"es","potentialAction":[{"@type":"ReadAction","target":["https:\/\/aprendeconcarmen.es\/es\/la-coma\/"]}]},{"@type":"ImageObject","inLanguage":"es","@id":"https:\/\/aprendeconcarmen.es\/es\/la-coma\/#primaryimage","url":"https:\/\/aprendeconcarmen.es\/wp-content\/uploads\/2019\/11\/uso-de-la-coma.png","contentUrl":"https:\/\/aprendeconcarmen.es\/wp-content\/uploads\/2019\/11\/uso-de-la-coma.png","width":560,"height":315},{"@type":"BreadcrumbList","@id":"https:\/\/aprendeconcarmen.es\/es\/la-coma\/#breadcrumb","itemListElement":[{"@type":"ListItem","position":1,"name":"Portada","item":"https:\/\/aprendeconcarmen.es\/es\/"},{"@type":"ListItem","position":2,"name":"La coma"}]},{"@type":"WebSite","@id":"https:\/\/aprendeconcarmen.es\/es\/#website","url":"https:\/\/aprendeconcarmen.es\/es\/","name":"Aprende con Carmen","description":"Clases de espa\u00f1ol online","potentialAction":[{"@type":"SearchAction","target":{"@type":"EntryPoint","urlTemplate":"https:\/\/aprendeconcarmen.es\/es\/?s={search_term_string}"},"query-input":"required name=search_term_string"}],"inLanguage":"es"},{"@type":"Person","@id":"https:\/\/aprendeconcarmen.es\/es\/#\/schema\/person\/1ecf6fd77de04930771393b0d9482587","name":"Carmen","image":{"@type":"ImageObject","inLanguage":"es","@id":"https:\/\/aprendeconcarmen.es\/es\/#\/schema\/person\/image\/","url":"https:\/\/aprendeconcarmen.es\/wp-content\/uploads\/2018\/03\/carmen-estevez-perfil-1-100x100.jpg","contentUrl":"https:\/\/aprendeconcarmen.es\/wp-content\/uploads\/2018\/03\/carmen-estevez-perfil-1-100x100.jpg","caption":"Carmen"},"url":"https:\/\/aprendeconcarmen.es\/es\/author\/admin\/"}]}},"post_mailing_queue_ids":[],"_links":{"self":[{"href":"https:\/\/aprendeconcarmen.es\/es\/wp-json\/wp\/v2\/posts\/30120"}],"collection":[{"href":"https:\/\/aprendeconcarmen.es\/es\/wp-json\/wp\/v2\/posts"}],"about":[{"href":"https:\/\/aprendeconcarmen.es\/es\/wp-json\/wp\/v2\/types\/post"}],"author":[{"embeddable":true,"href":"https:\/\/aprendeconcarmen.es\/es\/wp-json\/wp\/v2\/users\/1"}],"replies":[{"embeddable":true,"href":"https:\/\/aprendeconcarmen.es\/es\/wp-json\/wp\/v2\/comments?post=30120"}],"version-history":[{"count":0,"href":"https:\/\/aprendeconcarmen.es\/es\/wp-json\/wp\/v2\/posts\/30120\/revisions"}],"wp:featuredmedia":[{"embeddable":true,"href":"https:\/\/aprendeconcarmen.es\/es\/wp-json\/wp\/v2\/media\/30121"}],"wp:attachment":[{"href":"https:\/\/aprendeconcarmen.es\/es\/wp-json\/wp\/v2\/media?parent=30120"}],"wp:term":[{"taxonomy":"category","embeddable":true,"href":"https:\/\/aprendeconcarmen.es\/es\/wp-json\/wp\/v2\/categories?post=30120"},{"taxonomy":"post_tag","embeddable":true,"href":"https:\/\/aprendeconcarmen.es\/es\/wp-json\/wp\/v2\/tags?post=30120"}],"curies":[{"name":"wp","href":"https:\/\/api.w.org\/{rel}","templated":true}]}}