{"id":32102,"date":"2021-05-24T09:13:07","date_gmt":"2021-05-24T07:13:07","guid":{"rendered":"https:\/\/aprendeconcarmen.es\/?p=32102"},"modified":"2021-10-22T09:16:16","modified_gmt":"2021-10-22T07:16:16","slug":"las-fechas-en-espanol","status":"publish","type":"post","link":"https:\/\/aprendeconcarmen.es\/es\/las-fechas-en-espanol\/","title":{"rendered":"LAS FECHAS EN ESPA\u00d1OL"},"content":{"rendered":"\n<p>Es normal que la escritura de las fechas sea dif\u00edcil para un estudiante de espa\u00f1ol. Con este post voy a intentar aclarar algunos aspectos para que pod\u00e1is escribirlas siempre correctamente.<\/p>\n\n\n\n<ol><li>El orden que se recomienda es: <strong>D\u00cdA, MES Y A\u00d1O<\/strong><em> (19 de mayo de 2021)<\/em>. No es aconsejable el orden MES, D\u00cdA Y A\u00d1O que es propio de los Estados Unidos y que se ha extendido a otros pa\u00edses anglosajones <em>(mayo 19 de 2021)<\/em>.<\/li><li>Lo m\u00e1s normal es la combinaci\u00f3n entre letras y n\u00fameros (3 de <strong>octubre<\/strong> de 1874), con el mes con la inicial <strong>EN MIN\u00daSCULA<\/strong> y con las dos preposiciones<em> de.<\/em><\/li><li>Las fechas solo se escriben con  <strong>LETRA<\/strong> en documentos solemnes, escrituras p\u00fablicas, actas notariales o cheques bancarios:&nbsp;<em>veinticinco de julio de mil novecientos noventa y dos.<\/em><\/li><li>Cuando las fechas se escriben solo en CIFRAS, el d\u00eda, mes y a\u00f1o se separan con<strong> BARRAS<\/strong> o <strong>GUIONES <\/strong>o <strong>PUNTOS<\/strong>, sin espacios: <em>8<strong>&#8211;<\/strong>3<strong>&#8211;<\/strong>1765, 15<strong>\/<\/strong>6\/1987, 30.1.06<\/em>. La Ortograf\u00eda recomienda no anteponer, salvo por imperativos t\u00e9cnicos, un cero a la cifra del d\u00eda cuando esta es inferior a 10 <em>(mejor 6\/3\/99 que 06\/03\/99)<\/em>. El a\u00f1o puede aparecer con los cuatro d\u00edgitos <em>(8\/4\/<strong>2007<\/strong>)<\/em> o solo con los dos \u00faltimos <em>(8\/4\/<strong>07<\/strong>)<\/em>.<\/li><li>Para decir el<strong> PRIMER D\u00cdA DEL MES <\/strong>podemos usar el n\u00famero ordinal:  <em>primero de junio<\/em>, forma preferida en Am\u00e9rica, o el cardinal que es m\u00e1s frecuente en Espa\u00f1a: <em>uno de junio<\/em>.<\/li><li>Cuando se escribe el a\u00f1o no debemos escribir un punto o un signo entre los d\u00edgitos: 2008&nbsp;y no&nbsp;2.008,&nbsp;2 008, ni&nbsp;2,008).<\/li><\/ol>\n\n\n\n<figure class=\"wp-block-gallery aligncenter columns-1 is-cropped wp-block-gallery-1 is-layout-flex wp-block-gallery-is-layout-flex\"><ul class=\"blocks-gallery-grid\"><li class=\"blocks-gallery-item\"><figure><img decoding=\"async\" src=\"https:\/\/aprendeconcarmen.es\/wp-content\/uploads\/2021\/05\/Como-se-escriben-1-1-1024x1024.png\" alt=\"\" data-id=\"32110\" data-full-url=\"https:\/\/aprendeconcarmen.es\/wp-content\/uploads\/2021\/05\/Como-se-escriben-1-1.png\" data-link=\"https:\/\/aprendeconcarmen.es\/?attachment_id=32110\" class=\"wp-image-32110\"\/><\/figure><\/li><\/ul><\/figure>\n\n\n\n<div class=\"wp-block-group has-white-background-color has-background\"><div class=\"wp-block-group__inner-container is-layout-flow wp-block-group-is-layout-flow\">\n<div style=\"height:30px\" aria-hidden=\"true\" class=\"wp-block-spacer\"><\/div>\n\n\n\n<div class=\"wp-block-columns is-layout-flex wp-container-core-columns-layout-1 wp-block-columns-is-layout-flex\">\n<div class=\"wp-block-column is-vertically-aligned-center is-layout-flow wp-block-column-is-layout-flow\" style=\"flex-basis:25%\">\n<div class=\"wp-block-image is-style-rounded\"><figure class=\"alignleft size-thumbnail is-resized\"><img loading=\"lazy\" decoding=\"async\" src=\"https:\/\/aprendeconcarmen.es\/wp-content\/uploads\/2018\/03\/carmen-estevez-faqs-150x150.jpg\" alt=\"Preguntas frecuentes\" class=\"wp-image-24933\" width=\"150\" height=\"150\"\/><\/figure><\/div>\n<\/div>\n\n\n\n<div class=\"wp-block-column is-layout-flow wp-block-column-is-layout-flow\" style=\"flex-basis:75%\">\n<h2 class=\"has-text-color wp-block-heading\" style=\"color:#ca4e25\">Carmen Est\u00e9vez<br>Profesora nativa de espa\u00f1ol<\/h2>\n\n\n\n<p class=\"has-text-color\" style=\"color:#3d394e\"><strong>\u00bfQuieres aprender espa\u00f1ol desde la comodidad de tu casa?<\/strong> Visita todos nuestros <a href=\"https:\/\/aprendeconcarmen.es\/carmen-estevez-types-of-online-spanish-classes\/\"><em>cursos online de espa\u00f1ol<\/em><\/a>, tenemos de todos los niveles. Tambi\u00e9n puedes <a href=\"https:\/\/aprendeconcarmen.es\/book-a-free-online-spanish-class-with-carmen-estevez\/\"><em>solicitar la clase de espa\u00f1ol online de prueba<\/em><\/a> gratuita para saber c\u00f3mo ser\u00e1n tus <strong>clases online de espa\u00f1ol<\/strong>.<\/p>\n<\/div>\n<\/div>\n<\/div><\/div>\n\n\n\n<p><\/p>\n","protected":false},"excerpt":{"rendered":"<p>Es normal que la escritura de las fechas sea dif\u00edcil para un estudiante de espa\u00f1ol. Con este post voy a&#8230;<\/p>\n","protected":false},"author":1,"featured_media":32107,"comment_status":"closed","ping_status":"closed","sticky":false,"template":"","format":"standard","meta":{"footnotes":""},"categories":[118],"tags":[],"yoast_head":"<!-- This site is optimized with the Yoast SEO plugin v22.7 - https:\/\/yoast.com\/wordpress\/plugins\/seo\/ -->\n<title>LAS FECHAS EN ESPA\u00d1OL - Aprende con Carmen<\/title>\n<meta name=\"description\" content=\"Es normal que la escritura de las fechas sea dif\u00edcil para un estudiante de espa\u00f1ol, por eso voy a aclararlo en este post.\" \/>\n<meta name=\"robots\" content=\"index, follow, max-snippet:-1, max-image-preview:large, max-video-preview:-1\" \/>\n<link rel=\"canonical\" href=\"https:\/\/aprendeconcarmen.es\/es\/las-fechas-en-espanol\/\" \/>\n<meta property=\"og:locale\" content=\"es_ES\" \/>\n<meta property=\"og:type\" content=\"article\" \/>\n<meta property=\"og:title\" content=\"LAS FECHAS EN ESPA\u00d1OL - Aprende con Carmen\" \/>\n<meta property=\"og:description\" content=\"Es normal que la escritura de las fechas sea dif\u00edcil para un estudiante de espa\u00f1ol, por eso voy a aclararlo en este post.\" \/>\n<meta property=\"og:url\" content=\"https:\/\/aprendeconcarmen.es\/es\/las-fechas-en-espanol\/\" \/>\n<meta property=\"og:site_name\" content=\"Aprende con Carmen\" \/>\n<meta property=\"article:published_time\" content=\"2021-05-24T07:13:07+00:00\" \/>\n<meta property=\"article:modified_time\" content=\"2021-10-22T07:16:16+00:00\" \/>\n<meta property=\"og:image\" content=\"https:\/\/aprendeconcarmen.es\/wp-content\/uploads\/2021\/05\/las-fechas.png\" \/>\n\t<meta property=\"og:image:width\" content=\"560\" \/>\n\t<meta property=\"og:image:height\" content=\"315\" \/>\n\t<meta property=\"og:image:type\" content=\"image\/png\" \/>\n<meta name=\"author\" content=\"Carmen\" \/>\n<meta name=\"twitter:card\" content=\"summary_large_image\" \/>\n<meta name=\"twitter:label1\" content=\"Escrito por\" \/>\n\t<meta name=\"twitter:data1\" content=\"Carmen\" \/>\n\t<meta name=\"twitter:label2\" content=\"Tiempo de lectura\" \/>\n\t<meta name=\"twitter:data2\" content=\"2 minutos\" \/>\n<script type=\"application\/ld+json\" class=\"yoast-schema-graph\">{\"@context\":\"https:\/\/schema.org\",\"@graph\":[{\"@type\":\"WebPage\",\"@id\":\"https:\/\/aprendeconcarmen.es\/es\/las-fechas-en-espanol\/\",\"url\":\"https:\/\/aprendeconcarmen.es\/es\/las-fechas-en-espanol\/\",\"name\":\"LAS FECHAS EN ESPA\u00d1OL - Aprende con Carmen\",\"isPartOf\":{\"@id\":\"https:\/\/aprendeconcarmen.es\/es\/#website\"},\"primaryImageOfPage\":{\"@id\":\"https:\/\/aprendeconcarmen.es\/es\/las-fechas-en-espanol\/#primaryimage\"},\"image\":{\"@id\":\"https:\/\/aprendeconcarmen.es\/es\/las-fechas-en-espanol\/#primaryimage\"},\"thumbnailUrl\":\"https:\/\/aprendeconcarmen.es\/wp-content\/uploads\/2021\/05\/las-fechas.png\",\"datePublished\":\"2021-05-24T07:13:07+00:00\",\"dateModified\":\"2021-10-22T07:16:16+00:00\",\"author\":{\"@id\":\"https:\/\/aprendeconcarmen.es\/es\/#\/schema\/person\/1ecf6fd77de04930771393b0d9482587\"},\"description\":\"Es normal que la escritura de las fechas sea dif\u00edcil para un estudiante de espa\u00f1ol, por eso voy a aclararlo en este post.\",\"breadcrumb\":{\"@id\":\"https:\/\/aprendeconcarmen.es\/es\/las-fechas-en-espanol\/#breadcrumb\"},\"inLanguage\":\"es\",\"potentialAction\":[{\"@type\":\"ReadAction\",\"target\":[\"https:\/\/aprendeconcarmen.es\/es\/las-fechas-en-espanol\/\"]}]},{\"@type\":\"ImageObject\",\"inLanguage\":\"es\",\"@id\":\"https:\/\/aprendeconcarmen.es\/es\/las-fechas-en-espanol\/#primaryimage\",\"url\":\"https:\/\/aprendeconcarmen.es\/wp-content\/uploads\/2021\/05\/las-fechas.png\",\"contentUrl\":\"https:\/\/aprendeconcarmen.es\/wp-content\/uploads\/2021\/05\/las-fechas.png\",\"width\":560,\"height\":315},{\"@type\":\"BreadcrumbList\",\"@id\":\"https:\/\/aprendeconcarmen.es\/es\/las-fechas-en-espanol\/#breadcrumb\",\"itemListElement\":[{\"@type\":\"ListItem\",\"position\":1,\"name\":\"Portada\",\"item\":\"https:\/\/aprendeconcarmen.es\/es\/\"},{\"@type\":\"ListItem\",\"position\":2,\"name\":\"LAS FECHAS EN ESPA\u00d1OL\"}]},{\"@type\":\"WebSite\",\"@id\":\"https:\/\/aprendeconcarmen.es\/es\/#website\",\"url\":\"https:\/\/aprendeconcarmen.es\/es\/\",\"name\":\"Aprende con Carmen\",\"description\":\"Clases de espa\u00f1ol online\",\"potentialAction\":[{\"@type\":\"SearchAction\",\"target\":{\"@type\":\"EntryPoint\",\"urlTemplate\":\"https:\/\/aprendeconcarmen.es\/es\/?s={search_term_string}\"},\"query-input\":\"required name=search_term_string\"}],\"inLanguage\":\"es\"},{\"@type\":\"Person\",\"@id\":\"https:\/\/aprendeconcarmen.es\/es\/#\/schema\/person\/1ecf6fd77de04930771393b0d9482587\",\"name\":\"Carmen\",\"image\":{\"@type\":\"ImageObject\",\"inLanguage\":\"es\",\"@id\":\"https:\/\/aprendeconcarmen.es\/es\/#\/schema\/person\/image\/\",\"url\":\"https:\/\/aprendeconcarmen.es\/wp-content\/uploads\/2018\/03\/carmen-estevez-perfil-1-100x100.jpg\",\"contentUrl\":\"https:\/\/aprendeconcarmen.es\/wp-content\/uploads\/2018\/03\/carmen-estevez-perfil-1-100x100.jpg\",\"caption\":\"Carmen\"},\"url\":\"https:\/\/aprendeconcarmen.es\/es\/author\/admin\/\"}]}<\/script>\n<!-- \/ Yoast SEO plugin. -->","yoast_head_json":{"title":"LAS FECHAS EN ESPA\u00d1OL - Aprende con Carmen","description":"Es normal que la escritura de las fechas sea dif\u00edcil para un estudiante de espa\u00f1ol, por eso voy a aclararlo en este post.","robots":{"index":"index","follow":"follow","max-snippet":"max-snippet:-1","max-image-preview":"max-image-preview:large","max-video-preview":"max-video-preview:-1"},"canonical":"https:\/\/aprendeconcarmen.es\/es\/las-fechas-en-espanol\/","og_locale":"es_ES","og_type":"article","og_title":"LAS FECHAS EN ESPA\u00d1OL - Aprende con Carmen","og_description":"Es normal que la escritura de las fechas sea dif\u00edcil para un estudiante de espa\u00f1ol, por eso voy a aclararlo en este post.","og_url":"https:\/\/aprendeconcarmen.es\/es\/las-fechas-en-espanol\/","og_site_name":"Aprende con Carmen","article_published_time":"2021-05-24T07:13:07+00:00","article_modified_time":"2021-10-22T07:16:16+00:00","og_image":[{"width":560,"height":315,"url":"https:\/\/aprendeconcarmen.es\/wp-content\/uploads\/2021\/05\/las-fechas.png","type":"image\/png"}],"author":"Carmen","twitter_card":"summary_large_image","twitter_misc":{"Escrito por":"Carmen","Tiempo de lectura":"2 minutos"},"schema":{"@context":"https:\/\/schema.org","@graph":[{"@type":"WebPage","@id":"https:\/\/aprendeconcarmen.es\/es\/las-fechas-en-espanol\/","url":"https:\/\/aprendeconcarmen.es\/es\/las-fechas-en-espanol\/","name":"LAS FECHAS EN ESPA\u00d1OL - Aprende con Carmen","isPartOf":{"@id":"https:\/\/aprendeconcarmen.es\/es\/#website"},"primaryImageOfPage":{"@id":"https:\/\/aprendeconcarmen.es\/es\/las-fechas-en-espanol\/#primaryimage"},"image":{"@id":"https:\/\/aprendeconcarmen.es\/es\/las-fechas-en-espanol\/#primaryimage"},"thumbnailUrl":"https:\/\/aprendeconcarmen.es\/wp-content\/uploads\/2021\/05\/las-fechas.png","datePublished":"2021-05-24T07:13:07+00:00","dateModified":"2021-10-22T07:16:16+00:00","author":{"@id":"https:\/\/aprendeconcarmen.es\/es\/#\/schema\/person\/1ecf6fd77de04930771393b0d9482587"},"description":"Es normal que la escritura de las fechas sea dif\u00edcil para un estudiante de espa\u00f1ol, por eso voy a aclararlo en este post.","breadcrumb":{"@id":"https:\/\/aprendeconcarmen.es\/es\/las-fechas-en-espanol\/#breadcrumb"},"inLanguage":"es","potentialAction":[{"@type":"ReadAction","target":["https:\/\/aprendeconcarmen.es\/es\/las-fechas-en-espanol\/"]}]},{"@type":"ImageObject","inLanguage":"es","@id":"https:\/\/aprendeconcarmen.es\/es\/las-fechas-en-espanol\/#primaryimage","url":"https:\/\/aprendeconcarmen.es\/wp-content\/uploads\/2021\/05\/las-fechas.png","contentUrl":"https:\/\/aprendeconcarmen.es\/wp-content\/uploads\/2021\/05\/las-fechas.png","width":560,"height":315},{"@type":"BreadcrumbList","@id":"https:\/\/aprendeconcarmen.es\/es\/las-fechas-en-espanol\/#breadcrumb","itemListElement":[{"@type":"ListItem","position":1,"name":"Portada","item":"https:\/\/aprendeconcarmen.es\/es\/"},{"@type":"ListItem","position":2,"name":"LAS FECHAS EN ESPA\u00d1OL"}]},{"@type":"WebSite","@id":"https:\/\/aprendeconcarmen.es\/es\/#website","url":"https:\/\/aprendeconcarmen.es\/es\/","name":"Aprende con Carmen","description":"Clases de espa\u00f1ol online","potentialAction":[{"@type":"SearchAction","target":{"@type":"EntryPoint","urlTemplate":"https:\/\/aprendeconcarmen.es\/es\/?s={search_term_string}"},"query-input":"required name=search_term_string"}],"inLanguage":"es"},{"@type":"Person","@id":"https:\/\/aprendeconcarmen.es\/es\/#\/schema\/person\/1ecf6fd77de04930771393b0d9482587","name":"Carmen","image":{"@type":"ImageObject","inLanguage":"es","@id":"https:\/\/aprendeconcarmen.es\/es\/#\/schema\/person\/image\/","url":"https:\/\/aprendeconcarmen.es\/wp-content\/uploads\/2018\/03\/carmen-estevez-perfil-1-100x100.jpg","contentUrl":"https:\/\/aprendeconcarmen.es\/wp-content\/uploads\/2018\/03\/carmen-estevez-perfil-1-100x100.jpg","caption":"Carmen"},"url":"https:\/\/aprendeconcarmen.es\/es\/author\/admin\/"}]}},"post_mailing_queue_ids":[],"_links":{"self":[{"href":"https:\/\/aprendeconcarmen.es\/es\/wp-json\/wp\/v2\/posts\/32102"}],"collection":[{"href":"https:\/\/aprendeconcarmen.es\/es\/wp-json\/wp\/v2\/posts"}],"about":[{"href":"https:\/\/aprendeconcarmen.es\/es\/wp-json\/wp\/v2\/types\/post"}],"author":[{"embeddable":true,"href":"https:\/\/aprendeconcarmen.es\/es\/wp-json\/wp\/v2\/users\/1"}],"replies":[{"embeddable":true,"href":"https:\/\/aprendeconcarmen.es\/es\/wp-json\/wp\/v2\/comments?post=32102"}],"version-history":[{"count":0,"href":"https:\/\/aprendeconcarmen.es\/es\/wp-json\/wp\/v2\/posts\/32102\/revisions"}],"wp:featuredmedia":[{"embeddable":true,"href":"https:\/\/aprendeconcarmen.es\/es\/wp-json\/wp\/v2\/media\/32107"}],"wp:attachment":[{"href":"https:\/\/aprendeconcarmen.es\/es\/wp-json\/wp\/v2\/media?parent=32102"}],"wp:term":[{"taxonomy":"category","embeddable":true,"href":"https:\/\/aprendeconcarmen.es\/es\/wp-json\/wp\/v2\/categories?post=32102"},{"taxonomy":"post_tag","embeddable":true,"href":"https:\/\/aprendeconcarmen.es\/es\/wp-json\/wp\/v2\/tags?post=32102"}],"curies":[{"name":"wp","href":"https:\/\/api.w.org\/{rel}","templated":true}]}}