{"id":36962,"date":"2022-06-29T10:35:03","date_gmt":"2022-06-29T08:35:03","guid":{"rendered":"https:\/\/aprendeconcarmen.es\/?p=36962"},"modified":"2022-06-29T10:35:05","modified_gmt":"2022-06-29T08:35:05","slug":"ir-venir","status":"publish","type":"post","link":"https:\/\/aprendeconcarmen.es\/es\/ir-venir\/","title":{"rendered":"IR y VENIR, esa es la cuesti\u00f3n"},"content":{"rendered":"\n<p>Los verbos <strong>\u201cir\u201d<\/strong> y <strong>\u201cvenir\u201d<\/strong> se usan dependiendo de d\u00f3nde est\u00e1 ubicado el hablante: si est\u00e1 en el lugar de destino (donde estoy yo) se usa &#8220;venir&#8221;, si est\u00e1 en el lugar de partida, (sale desde donde estoy yo), se usa el verbo &#8220;ir&#8221;.<\/p>\n\n\n\n<p>Si yo digo: &#8211;<span class=\"has-inline-color has-pale-pink-color\">&#8220;Para eso hemos venido&#8221;<\/span>: se usa el verbo <strong>\u201cvenir\u201d<\/strong> porque yo estoy en el lugar adonde quer\u00eda ir, es decir, es mi lugar de destino. Cuando uso el verbo \u201cvenir\u201d,<strong> yo no me muevo.<\/strong><\/p>\n\n\n\n<p>Si yo digo: &#8211;<span class=\"has-inline-color has-vivid-green-cyan-color\">&#8220;Si quieres, voy yo al restaurante&#8221;<\/span> : se usa el verbo<strong> \u201cir\u201d<\/strong> porque yo tengo que desplazarme hasta el restaurante, es decir, el restaurante es mi lugar de destino. Cuando uso el verbo<strong> \u201cir\u201d, me muevo.<\/strong><\/p>\n\n\n\n<p>En el ejemplo <span class=\"has-inline-color has-vivid-purple-color\">&#8220;El camarero viene y va, pero ni nos mira&#8221;<\/span> queremos  indicar que una persona se desplaza en una direcci\u00f3n y en otra.<\/p>\n\n\n\n<p>Y en el caso de <span class=\"has-inline-color has-luminous-vivid-orange-color\">&#8220;Mira, ya viene el camarero&#8221;<\/span>: se usa<strong> \u201cvenir\u201d<\/strong> porque el hablante describe la acci\u00f3n del camarero, que es quien se desplaza hacia su lugar de destino. Ellos est\u00e1n sentados en el lugar de destino.<\/p>\n\n\n\n<p>Aqu\u00ed te dejo unos ejemplos ilustrativos, espero que te sirvan de ayuda. \u00a1Hasta la pr\u00f3xima!<\/p>\n\n\n\n<div class=\"wp-block-image\"><figure class=\"aligncenter size-large\"><img loading=\"lazy\" decoding=\"async\" width=\"1024\" height=\"724\" src=\"https:\/\/aprendeconcarmen.es\/wp-content\/uploads\/2022\/06\/IR_EJEMPLO-2-1024x724.png\" alt=\"\" class=\"wp-image-36974\" srcset=\"https:\/\/aprendeconcarmen.es\/wp-content\/uploads\/2022\/06\/IR_EJEMPLO-2-1024x724.png 1024w, https:\/\/aprendeconcarmen.es\/wp-content\/uploads\/2022\/06\/IR_EJEMPLO-2-564x399.png 564w, https:\/\/aprendeconcarmen.es\/wp-content\/uploads\/2022\/06\/IR_EJEMPLO-2-300x212.png 300w, https:\/\/aprendeconcarmen.es\/wp-content\/uploads\/2022\/06\/IR_EJEMPLO-2-768x543.png 768w, https:\/\/aprendeconcarmen.es\/wp-content\/uploads\/2022\/06\/IR_EJEMPLO-2-1536x1086.png 1536w, https:\/\/aprendeconcarmen.es\/wp-content\/uploads\/2022\/06\/IR_EJEMPLO-2-85x60.png 85w, https:\/\/aprendeconcarmen.es\/wp-content\/uploads\/2022\/06\/IR_EJEMPLO-2-127x90.png 127w, https:\/\/aprendeconcarmen.es\/wp-content\/uploads\/2022\/06\/IR_EJEMPLO-2.png 2000w\" sizes=\"(max-width: 1024px) 100vw, 1024px\" \/><\/figure><\/div>\n\n\n\n<div class=\"wp-block-image\"><figure class=\"aligncenter size-large\"><img decoding=\"async\" src=\"https:\/\/aprendeconcarmen.es\/wp-content\/uploads\/2022\/06\/VENIR-_EJEMPLO-1024x724.png\" alt=\"\" class=\"wp-image-36976\"\/><\/figure><\/div>\n\n\n\n<div class=\"wp-block-group has-white-background-color has-background\"><div class=\"wp-block-group__inner-container is-layout-flow wp-block-group-is-layout-flow\">\n<div style=\"height:30px\" aria-hidden=\"true\" class=\"wp-block-spacer\"><\/div>\n\n\n\n<div class=\"wp-block-columns is-layout-flex wp-container-core-columns-layout-1 wp-block-columns-is-layout-flex\">\n<div class=\"wp-block-column is-vertically-aligned-center is-layout-flow wp-block-column-is-layout-flow\" style=\"flex-basis:25%\">\n<div class=\"wp-block-image is-style-rounded\"><figure class=\"alignleft size-thumbnail is-resized\"><img loading=\"lazy\" decoding=\"async\" src=\"https:\/\/aprendeconcarmen.es\/wp-content\/uploads\/2018\/03\/carmen-estevez-faqs-150x150.jpg\" alt=\"Preguntas frecuentes\" class=\"wp-image-24933\" width=\"150\" height=\"150\"\/><\/figure><\/div>\n<\/div>\n\n\n\n<div class=\"wp-block-column is-layout-flow wp-block-column-is-layout-flow\" style=\"flex-basis:75%\">\n<h2 class=\"has-text-color wp-block-heading\" style=\"color:#ca4e25\">Carmen Est\u00e9vez<br>Profesora nativa de espa\u00f1ol<\/h2>\n\n\n\n<p class=\"has-text-color\" style=\"color:#3d394e\"><strong>\u00bfQuieres aprender espa\u00f1ol desde la comodidad de tu casa?<\/strong> Visita todos nuestros <a href=\"https:\/\/aprendeconcarmen.es\/carmen-estevez-types-of-online-spanish-classes\/\"><em>cursos online de espa\u00f1ol<\/em><\/a>, tenemos de todos los niveles. Tambi\u00e9n puedes <a href=\"https:\/\/aprendeconcarmen.es\/book-a-free-online-spanish-class-with-carmen-estevez\/\"><em>solicitar la clase de espa\u00f1ol online de prueba<\/em><\/a> gratuita para saber c\u00f3mo ser\u00e1n tus <strong>clases online de espa\u00f1ol<\/strong>.<\/p>\n<\/div>\n<\/div>\n<\/div><\/div>\n","protected":false},"excerpt":{"rendered":"<p>Los verbos \u201cir\u201d y \u201cvenir\u201d se usan dependiendo de d\u00f3nde est\u00e1 ubicado el hablante: si est\u00e1 en el lugar de&#8230;<\/p>\n","protected":false},"author":1,"featured_media":36965,"comment_status":"closed","ping_status":"closed","sticky":false,"template":"","format":"standard","meta":{"footnotes":""},"categories":[121],"tags":[],"yoast_head":"<!-- This site is optimized with the Yoast SEO plugin v22.7 - https:\/\/yoast.com\/wordpress\/plugins\/seo\/ -->\n<title>IR y VENIR, esa es la cuesti\u00f3n - Aprende con Carmen<\/title>\n<meta name=\"description\" content=\"Los verbos \u201cir\u201d y \u201cvenir\u201d se usan dependiendo de d\u00f3nde est\u00e1 ubicado el hablante. Lugar de destino se usa &quot;venir&quot; y en el de partida &quot;ir&quot;.\" \/>\n<meta name=\"robots\" content=\"index, follow, max-snippet:-1, max-image-preview:large, max-video-preview:-1\" \/>\n<link rel=\"canonical\" href=\"https:\/\/aprendeconcarmen.es\/es\/ir-venir\/\" \/>\n<meta property=\"og:locale\" content=\"es_ES\" \/>\n<meta property=\"og:type\" content=\"article\" \/>\n<meta property=\"og:title\" content=\"IR y VENIR, esa es la cuesti\u00f3n - Aprende con Carmen\" \/>\n<meta property=\"og:description\" content=\"Los verbos \u201cir\u201d y \u201cvenir\u201d se usan dependiendo de d\u00f3nde est\u00e1 ubicado el hablante. Lugar de destino se usa &quot;venir&quot; y en el de partida &quot;ir&quot;.\" \/>\n<meta property=\"og:url\" content=\"https:\/\/aprendeconcarmen.es\/es\/ir-venir\/\" \/>\n<meta property=\"og:site_name\" content=\"Aprende con Carmen\" \/>\n<meta property=\"article:published_time\" content=\"2022-06-29T08:35:03+00:00\" \/>\n<meta property=\"article:modified_time\" content=\"2022-06-29T08:35:05+00:00\" \/>\n<meta property=\"og:image\" content=\"https:\/\/aprendeconcarmen.es\/wp-content\/uploads\/2022\/06\/ir-y-venir-1.png\" \/>\n\t<meta property=\"og:image:width\" content=\"560\" \/>\n\t<meta property=\"og:image:height\" content=\"315\" \/>\n\t<meta property=\"og:image:type\" content=\"image\/png\" \/>\n<meta name=\"author\" content=\"Carmen\" \/>\n<meta name=\"twitter:card\" content=\"summary_large_image\" \/>\n<meta name=\"twitter:label1\" content=\"Escrito por\" \/>\n\t<meta name=\"twitter:data1\" content=\"Carmen\" \/>\n\t<meta name=\"twitter:label2\" content=\"Tiempo de lectura\" \/>\n\t<meta name=\"twitter:data2\" content=\"2 minutos\" \/>\n<script type=\"application\/ld+json\" class=\"yoast-schema-graph\">{\"@context\":\"https:\/\/schema.org\",\"@graph\":[{\"@type\":\"WebPage\",\"@id\":\"https:\/\/aprendeconcarmen.es\/es\/ir-venir\/\",\"url\":\"https:\/\/aprendeconcarmen.es\/es\/ir-venir\/\",\"name\":\"IR y VENIR, esa es la cuesti\u00f3n - Aprende con Carmen\",\"isPartOf\":{\"@id\":\"https:\/\/aprendeconcarmen.es\/es\/#website\"},\"primaryImageOfPage\":{\"@id\":\"https:\/\/aprendeconcarmen.es\/es\/ir-venir\/#primaryimage\"},\"image\":{\"@id\":\"https:\/\/aprendeconcarmen.es\/es\/ir-venir\/#primaryimage\"},\"thumbnailUrl\":\"https:\/\/aprendeconcarmen.es\/wp-content\/uploads\/2022\/06\/ir-y-venir-1.png\",\"datePublished\":\"2022-06-29T08:35:03+00:00\",\"dateModified\":\"2022-06-29T08:35:05+00:00\",\"author\":{\"@id\":\"https:\/\/aprendeconcarmen.es\/es\/#\/schema\/person\/1ecf6fd77de04930771393b0d9482587\"},\"description\":\"Los verbos \u201cir\u201d y \u201cvenir\u201d se usan dependiendo de d\u00f3nde est\u00e1 ubicado el hablante. Lugar de destino se usa \\\"venir\\\" y en el de partida \\\"ir\\\".\",\"breadcrumb\":{\"@id\":\"https:\/\/aprendeconcarmen.es\/es\/ir-venir\/#breadcrumb\"},\"inLanguage\":\"es\",\"potentialAction\":[{\"@type\":\"ReadAction\",\"target\":[\"https:\/\/aprendeconcarmen.es\/es\/ir-venir\/\"]}]},{\"@type\":\"ImageObject\",\"inLanguage\":\"es\",\"@id\":\"https:\/\/aprendeconcarmen.es\/es\/ir-venir\/#primaryimage\",\"url\":\"https:\/\/aprendeconcarmen.es\/wp-content\/uploads\/2022\/06\/ir-y-venir-1.png\",\"contentUrl\":\"https:\/\/aprendeconcarmen.es\/wp-content\/uploads\/2022\/06\/ir-y-venir-1.png\",\"width\":560,\"height\":315},{\"@type\":\"BreadcrumbList\",\"@id\":\"https:\/\/aprendeconcarmen.es\/es\/ir-venir\/#breadcrumb\",\"itemListElement\":[{\"@type\":\"ListItem\",\"position\":1,\"name\":\"Portada\",\"item\":\"https:\/\/aprendeconcarmen.es\/es\/\"},{\"@type\":\"ListItem\",\"position\":2,\"name\":\"IR y VENIR, esa es la cuesti\u00f3n\"}]},{\"@type\":\"WebSite\",\"@id\":\"https:\/\/aprendeconcarmen.es\/es\/#website\",\"url\":\"https:\/\/aprendeconcarmen.es\/es\/\",\"name\":\"Aprende con Carmen\",\"description\":\"Clases de espa\u00f1ol online\",\"potentialAction\":[{\"@type\":\"SearchAction\",\"target\":{\"@type\":\"EntryPoint\",\"urlTemplate\":\"https:\/\/aprendeconcarmen.es\/es\/?s={search_term_string}\"},\"query-input\":\"required name=search_term_string\"}],\"inLanguage\":\"es\"},{\"@type\":\"Person\",\"@id\":\"https:\/\/aprendeconcarmen.es\/es\/#\/schema\/person\/1ecf6fd77de04930771393b0d9482587\",\"name\":\"Carmen\",\"image\":{\"@type\":\"ImageObject\",\"inLanguage\":\"es\",\"@id\":\"https:\/\/aprendeconcarmen.es\/es\/#\/schema\/person\/image\/\",\"url\":\"https:\/\/aprendeconcarmen.es\/wp-content\/uploads\/2018\/03\/carmen-estevez-perfil-1-100x100.jpg\",\"contentUrl\":\"https:\/\/aprendeconcarmen.es\/wp-content\/uploads\/2018\/03\/carmen-estevez-perfil-1-100x100.jpg\",\"caption\":\"Carmen\"},\"url\":\"https:\/\/aprendeconcarmen.es\/es\/author\/admin\/\"}]}<\/script>\n<!-- \/ Yoast SEO plugin. -->","yoast_head_json":{"title":"IR y VENIR, esa es la cuesti\u00f3n - Aprende con Carmen","description":"Los verbos \u201cir\u201d y \u201cvenir\u201d se usan dependiendo de d\u00f3nde est\u00e1 ubicado el hablante. Lugar de destino se usa \"venir\" y en el de partida \"ir\".","robots":{"index":"index","follow":"follow","max-snippet":"max-snippet:-1","max-image-preview":"max-image-preview:large","max-video-preview":"max-video-preview:-1"},"canonical":"https:\/\/aprendeconcarmen.es\/es\/ir-venir\/","og_locale":"es_ES","og_type":"article","og_title":"IR y VENIR, esa es la cuesti\u00f3n - Aprende con Carmen","og_description":"Los verbos \u201cir\u201d y \u201cvenir\u201d se usan dependiendo de d\u00f3nde est\u00e1 ubicado el hablante. Lugar de destino se usa \"venir\" y en el de partida \"ir\".","og_url":"https:\/\/aprendeconcarmen.es\/es\/ir-venir\/","og_site_name":"Aprende con Carmen","article_published_time":"2022-06-29T08:35:03+00:00","article_modified_time":"2022-06-29T08:35:05+00:00","og_image":[{"width":560,"height":315,"url":"https:\/\/aprendeconcarmen.es\/wp-content\/uploads\/2022\/06\/ir-y-venir-1.png","type":"image\/png"}],"author":"Carmen","twitter_card":"summary_large_image","twitter_misc":{"Escrito por":"Carmen","Tiempo de lectura":"2 minutos"},"schema":{"@context":"https:\/\/schema.org","@graph":[{"@type":"WebPage","@id":"https:\/\/aprendeconcarmen.es\/es\/ir-venir\/","url":"https:\/\/aprendeconcarmen.es\/es\/ir-venir\/","name":"IR y VENIR, esa es la cuesti\u00f3n - Aprende con Carmen","isPartOf":{"@id":"https:\/\/aprendeconcarmen.es\/es\/#website"},"primaryImageOfPage":{"@id":"https:\/\/aprendeconcarmen.es\/es\/ir-venir\/#primaryimage"},"image":{"@id":"https:\/\/aprendeconcarmen.es\/es\/ir-venir\/#primaryimage"},"thumbnailUrl":"https:\/\/aprendeconcarmen.es\/wp-content\/uploads\/2022\/06\/ir-y-venir-1.png","datePublished":"2022-06-29T08:35:03+00:00","dateModified":"2022-06-29T08:35:05+00:00","author":{"@id":"https:\/\/aprendeconcarmen.es\/es\/#\/schema\/person\/1ecf6fd77de04930771393b0d9482587"},"description":"Los verbos \u201cir\u201d y \u201cvenir\u201d se usan dependiendo de d\u00f3nde est\u00e1 ubicado el hablante. Lugar de destino se usa \"venir\" y en el de partida \"ir\".","breadcrumb":{"@id":"https:\/\/aprendeconcarmen.es\/es\/ir-venir\/#breadcrumb"},"inLanguage":"es","potentialAction":[{"@type":"ReadAction","target":["https:\/\/aprendeconcarmen.es\/es\/ir-venir\/"]}]},{"@type":"ImageObject","inLanguage":"es","@id":"https:\/\/aprendeconcarmen.es\/es\/ir-venir\/#primaryimage","url":"https:\/\/aprendeconcarmen.es\/wp-content\/uploads\/2022\/06\/ir-y-venir-1.png","contentUrl":"https:\/\/aprendeconcarmen.es\/wp-content\/uploads\/2022\/06\/ir-y-venir-1.png","width":560,"height":315},{"@type":"BreadcrumbList","@id":"https:\/\/aprendeconcarmen.es\/es\/ir-venir\/#breadcrumb","itemListElement":[{"@type":"ListItem","position":1,"name":"Portada","item":"https:\/\/aprendeconcarmen.es\/es\/"},{"@type":"ListItem","position":2,"name":"IR y VENIR, esa es la cuesti\u00f3n"}]},{"@type":"WebSite","@id":"https:\/\/aprendeconcarmen.es\/es\/#website","url":"https:\/\/aprendeconcarmen.es\/es\/","name":"Aprende con Carmen","description":"Clases de espa\u00f1ol online","potentialAction":[{"@type":"SearchAction","target":{"@type":"EntryPoint","urlTemplate":"https:\/\/aprendeconcarmen.es\/es\/?s={search_term_string}"},"query-input":"required name=search_term_string"}],"inLanguage":"es"},{"@type":"Person","@id":"https:\/\/aprendeconcarmen.es\/es\/#\/schema\/person\/1ecf6fd77de04930771393b0d9482587","name":"Carmen","image":{"@type":"ImageObject","inLanguage":"es","@id":"https:\/\/aprendeconcarmen.es\/es\/#\/schema\/person\/image\/","url":"https:\/\/aprendeconcarmen.es\/wp-content\/uploads\/2018\/03\/carmen-estevez-perfil-1-100x100.jpg","contentUrl":"https:\/\/aprendeconcarmen.es\/wp-content\/uploads\/2018\/03\/carmen-estevez-perfil-1-100x100.jpg","caption":"Carmen"},"url":"https:\/\/aprendeconcarmen.es\/es\/author\/admin\/"}]}},"post_mailing_queue_ids":[],"_links":{"self":[{"href":"https:\/\/aprendeconcarmen.es\/es\/wp-json\/wp\/v2\/posts\/36962"}],"collection":[{"href":"https:\/\/aprendeconcarmen.es\/es\/wp-json\/wp\/v2\/posts"}],"about":[{"href":"https:\/\/aprendeconcarmen.es\/es\/wp-json\/wp\/v2\/types\/post"}],"author":[{"embeddable":true,"href":"https:\/\/aprendeconcarmen.es\/es\/wp-json\/wp\/v2\/users\/1"}],"replies":[{"embeddable":true,"href":"https:\/\/aprendeconcarmen.es\/es\/wp-json\/wp\/v2\/comments?post=36962"}],"version-history":[{"count":1,"href":"https:\/\/aprendeconcarmen.es\/es\/wp-json\/wp\/v2\/posts\/36962\/revisions"}],"predecessor-version":[{"id":36978,"href":"https:\/\/aprendeconcarmen.es\/es\/wp-json\/wp\/v2\/posts\/36962\/revisions\/36978"}],"wp:featuredmedia":[{"embeddable":true,"href":"https:\/\/aprendeconcarmen.es\/es\/wp-json\/wp\/v2\/media\/36965"}],"wp:attachment":[{"href":"https:\/\/aprendeconcarmen.es\/es\/wp-json\/wp\/v2\/media?parent=36962"}],"wp:term":[{"taxonomy":"category","embeddable":true,"href":"https:\/\/aprendeconcarmen.es\/es\/wp-json\/wp\/v2\/categories?post=36962"},{"taxonomy":"post_tag","embeddable":true,"href":"https:\/\/aprendeconcarmen.es\/es\/wp-json\/wp\/v2\/tags?post=36962"}],"curies":[{"name":"wp","href":"https:\/\/api.w.org\/{rel}","templated":true}]}}